{"id":344,"date":"2019-05-26T19:37:40","date_gmt":"2019-05-26T19:37:40","guid":{"rendered":"https:\/\/blog.financialafrik.com\/?p=344"},"modified":"2021-03-30T08:18:04","modified_gmt":"2021-03-30T08:18:04","slug":"senegal-de-quoi-le-derapage-de-adja-astou-est-il-le-nom","status":"publish","type":"post","link":"https:\/\/www.financialafrik.com\/touristicafrik\/2019\/05\/26\/senegal-de-quoi-le-derapage-de-adja-astou-est-il-le-nom\/","title":{"rendered":"S\u00e9n\u00e9gal : de quoi le d\u00e9rapage de Adja Astou est-il le nom?"},"content":{"rendered":"\n<p>Le d\u00e9rapage en direct fait par une animatrice d\u2019une t\u00e9l\u00e9 priv\u00e9e s\u00e9n\u00e9galaise met le S\u00e9n\u00e9gal en \u00e9bullition. Accusant sa propre communaut\u00e9, les \u00abHal-Poular\u00bb, de \u00abvioler des enfants\u00bb dans un moment de grand rel\u00e2chement, l\u2019animatrice  a sorti cette \u00e9normit\u00e9 devant la propri\u00e9taire de ladite T\u00e9l\u00e9. Laquelle, ne mesurant pas tout de suite la gravit\u00e9 de ces propos ( l\u2019\u00e9mission \u00e9tait diffus\u00e9e en direct), est rest\u00e9e souriante.<\/p>\n\n\n\n<p>Il n\u2019en fallait pas plus pour que la t\u00eate de la jeune animatrice soit mise \u00e0 prix dans une ambiance d\u2019hyst\u00e9rie collective entretenue par les r\u00e9seaux sociaux. Des manifestations sont organis\u00e9es par des membres de la seule communaut\u00e9 vis\u00e9e (encore un rendez-vous rat\u00e9 pour la Nation) dans le but de contraindre l\u2019Etat \u00e0 prendre des mesures s\u00e9v\u00e8res.<\/p>\n\n\n\n<p><b>Aussit\u00f4t apr\u00e8s, les choses s\u2019emballent.<\/b><\/p>\n\n\n\n<p>Avant m\u00eame que le r\u00e9gulateur de l\u2019audiovisuel national, \u00e0 savoir le Conseil National de R\u00e9gulation de l&rsquo;Audiovisuel &nbsp;ne statue sur la question et ne prononce \u00e9ventuellement des mesures disciplinaires, voire des sanctions p\u00e9cuniaires pour ce manquement aussi vieux que la t\u00e9l\u00e9, et qui a pour nom \u00abd\u00e9faut de ma\u00eetrise d\u2019antenne\u00bb dans les codes de presse et les lois sur l\u2019audiovisuel, voil\u00e0 que la Section de recherche de Colobane  entre dans la danse.<\/p>\n\n\n\n<p>La malheureuse animatrice qui s\u2019est, entre temps, et d\u00e9s le lendemain, fendue de plates excuses, les larmes aux yeux, mettant en avant son exp\u00e9rience de dix ans comme une m\u00e9daille de guerre et sa \u00abpoularitude\u00bb comme si cela constituait une circonstance att\u00e9nuante, a \u00e9t\u00e9 entendue puis plac\u00e9e en garde \u00e0 vue en attendant de rencontrer le juge ce lundi. La directrice de la t\u00e9l\u00e9, qui porte son statut de diffuseur et d\u2019\u00e9diteur, a, elle aussi, \u00e9t\u00e9 auditionn\u00e9e  mais a pu, apr\u00e8s, rentrer chez elle.<\/p>\n\n\n\n<p>Cette r\u00e9activit\u00e9 rapide des autorit\u00e9s judiciaires s\u00e9n\u00e9galaises, qui ont royalement court-circuit\u00e9 le  CNRA et le code de la presse pour se fonder sur le code p\u00e9nal, porte le sceau du populisme. Au nom de la paix sociale, on abr\u00e8ge les proc\u00e9dures pour calmer la rue. La respiration normale de la justice, qui est proc\u00e9duri\u00e8re par essence, serait -elle  r\u00e9duite \u00e0 la recherche de la sanction exemplaire r\u00e9clam\u00e9e par une foule de manifestants dont certains menacent de se faire justice si rien n\u2019est fait ? <\/p>\n\n\n\n<p>Ces manifestations plus ou moins spontan\u00e9es portent le triomphe du populisme et marquent le recul de l\u2019Etat de droit &#8230; On l\u2019aura remarqu\u00e9, la jeune journaliste s\u2019est excus\u00e9e (et c\u2019est tout \u00e0 son honneur ) mais n\u2019a \u00e9voqu\u00e9 \u00e0 aucun moment, dans sa mise au point spontan\u00e9e, une sorte d\u2019exception de v\u00e9rit\u00e9 pour donner aux t\u00e9l\u00e9spectateurs des \u00e9l\u00e9ments suppl\u00e9mentaires pouvant aider \u00e0 trouver une explication logique \u00e0 son lourd d\u00e9rapage.<\/p>\n\n\n\n<p>Quant au d\u00e9bat libre et d\u00e9lib\u00e9r\u00e9 sur les r\u00e9seaux sociaux, il a gliss\u00e9 all\u00e8grement du viol au mariage pr\u00e9coce avec l\u00e0 aussi, chez certains, une indignation communautaire qui peine \u00e0 prendre l\u2019ascenseur pour l\u2019\u00e9tage de la Nation, situ\u00e9 un cran au dessus, et chez d\u2019autres, de sombres tentatives de donner raison \u00e0 la jeune animatrice par des statistiques f\u00e9tides qui, \u00e0 d\u00e9faut de renforcer la v\u00e9rit\u00e9 des faits, \u00e9tablit la preuve de la haine de l\u2019autre.<\/p>\n\n\n\n<p>Le S\u00e9n\u00e9gal m\u00e9rite plus que jamais des d\u00e9bats publics encadr\u00e9s par les arsenaux juridiques pr\u00e9vus par la loi et le code de la presse afin de garantir la libert\u00e9 d\u2019expression tout en prot\u00e9geant la dignit\u00e9 des individus et des communaut\u00e9s. La paix civile se renforce par la force du droit et non par le dictat  de la foule. La place de la jeune pr\u00e9sentatrice et son patron n\u2019est pas en prison mais devant le CNRA et le tribunal permanent que constitue le jugement des pairs si tant est que celui-ci, longtemps muet devant le nivellement par le bas de certaines \u00e9missions t\u00e9l\u00e9s (par le plastique, la poudre, les faux cils et la sempiternelle posture moralisante des pr\u00e9sentateurs ) ait encore de l\u2019autorit\u00e9 sur un m\u00e9tier de journalisme uberis\u00e9 qui se d\u00e9compose en direct sans fiches, dans une mortelle improvisation.<\/p>\n","protected":false},"excerpt":{"rendered":"<p>Le d\u00e9rapage en direct fait par une animatrice d\u2019une t\u00e9l\u00e9 priv\u00e9e s\u00e9n\u00e9galaise met le S\u00e9n\u00e9gal en \u00e9bullition. Accusant sa propre communaut\u00e9, les \u00abHal-Poular\u00bb, de \u00abvioler des enfants\u00bb dans un moment de grand rel\u00e2chement, l\u2019animatrice a sorti cette \u00e9normit\u00e9 devant la propri\u00e9taire de ladite T\u00e9l\u00e9. Laquelle, ne mesurant pas tout de suite la gravit\u00e9 de ces [&hellip;]<\/p>\n","protected":false},"author":4,"featured_media":348,"comment_status":"open","ping_status":"open","sticky":false,"template":"","format":"standard","meta":{"jetpack_post_was_ever_published":false,"_jetpack_newsletter_access":"","_jetpack_dont_email_post_to_subs":false,"_jetpack_newsletter_tier_id":0,"_jetpack_memberships_contains_paywalled_content":false,"_jetpack_memberships_contains_paid_content":false,"footnotes":"","jetpack_publicize_message":"","jetpack_publicize_feature_enabled":true,"jetpack_social_post_already_shared":true,"jetpack_social_options":{"image_generator_settings":{"template":"highway","default_image_id":0,"font":"","enabled":false},"version":2}},"categories":[1,98],"tags":[],"class_list":{"0":"post-344","1":"post","2":"type-post","3":"status-publish","4":"format-standard","5":"has-post-thumbnail","7":"category-uncategorized","8":"category-une"},"yoast_head":"<!-- This site is optimized with the Yoast SEO plugin v27.4 - https:\/\/yoast.com\/product\/yoast-seo-wordpress\/ -->\n<title>Touristic Afrik | S\u00e9n\u00e9gal : de quoi le d\u00e9rapage de Adja Astou est-il le nom?<\/title>\n<meta name=\"description\" content=\"Les derni\u00e8res news sur l\u2019h\u00f4tellerie, les voyagistes et les compagnies a\u00e9riennes. Exp\u00e9rience client, avis et reportages. Touristic Afrik est un site sp\u00e9cialis\u00e9 du Groupe Financial Afrik.\" \/>\n<meta name=\"robots\" content=\"index, follow, max-snippet:-1, max-image-preview:large, max-video-preview:-1\" \/>\n<link rel=\"canonical\" href=\"https:\/\/www.financialafrik.com\/touristicafrik\/2019\/05\/26\/senegal-de-quoi-le-derapage-de-adja-astou-est-il-le-nom\/\" \/>\n<meta property=\"og:locale\" content=\"fr_FR\" \/>\n<meta property=\"og:type\" content=\"article\" \/>\n<meta property=\"og:title\" content=\"Touristic Afrik | S\u00e9n\u00e9gal : de quoi le d\u00e9rapage de Adja Astou est-il le nom?\" \/>\n<meta property=\"og:description\" content=\"Les derni\u00e8res news sur l\u2019h\u00f4tellerie, les voyagistes et les compagnies a\u00e9riennes. Exp\u00e9rience client, avis et reportages. Touristic Afrik est un site sp\u00e9cialis\u00e9 du Groupe Financial Afrik.\" \/>\n<meta property=\"og:url\" content=\"https:\/\/www.financialafrik.com\/touristicafrik\/2019\/05\/26\/senegal-de-quoi-le-derapage-de-adja-astou-est-il-le-nom\/\" \/>\n<meta property=\"og:site_name\" content=\"Touristic Afrik\" \/>\n<meta property=\"article:publisher\" content=\"https:\/\/www.facebook.com\/FinancialAfrik\/\" \/>\n<meta property=\"article:published_time\" content=\"2019-05-26T19:37:40+00:00\" \/>\n<meta property=\"article:modified_time\" content=\"2021-03-30T08:18:04+00:00\" \/>\n<meta property=\"og:image\" content=\"http:\/\/financialafrik.com\/touristicafrik\/wp-content\/uploads\/2019\/05\/D58C9725-9CF2-4BC3-95F7-CA8525B7D670.png\" \/>\n\t<meta property=\"og:image:width\" content=\"620\" \/>\n\t<meta property=\"og:image:height\" content=\"400\" \/>\n\t<meta property=\"og:image:type\" content=\"image\/png\" \/>\n<meta name=\"author\" content=\"La r\u00e9daction\" \/>\n<meta name=\"twitter:card\" content=\"summary_large_image\" \/>\n<meta name=\"twitter:creator\" content=\"@Financialafrik\" \/>\n<meta name=\"twitter:site\" content=\"@Financialafrik\" \/>\n<meta name=\"twitter:label1\" content=\"\u00c9crit par\" \/>\n\t<meta name=\"twitter:data1\" content=\"La r\u00e9daction\" \/>\n\t<meta name=\"twitter:label2\" content=\"Dur\u00e9e de lecture estim\u00e9e\" \/>\n\t<meta name=\"twitter:data2\" content=\"4 minutes\" \/>\n<script type=\"application\/ld+json\" class=\"yoast-schema-graph\">{\"@context\":\"https:\\\/\\\/schema.org\",\"@graph\":[{\"@type\":\"Article\",\"@id\":\"https:\\\/\\\/www.financialafrik.com\\\/touristicafrik\\\/2019\\\/05\\\/26\\\/senegal-de-quoi-le-derapage-de-adja-astou-est-il-le-nom\\\/#article\",\"isPartOf\":{\"@id\":\"https:\\\/\\\/www.financialafrik.com\\\/touristicafrik\\\/2019\\\/05\\\/26\\\/senegal-de-quoi-le-derapage-de-adja-astou-est-il-le-nom\\\/\"},\"author\":{\"name\":\"La r\u00e9daction\",\"@id\":\"https:\\\/\\\/www.financialafrik.com\\\/touristicafrik\\\/#\\\/schema\\\/person\\\/fe0c9cf852c8f82538f74666bb0acb0f\"},\"headline\":\"S\u00e9n\u00e9gal : de quoi le d\u00e9rapage de Adja Astou est-il le nom?\",\"datePublished\":\"2019-05-26T19:37:40+00:00\",\"dateModified\":\"2021-03-30T08:18:04+00:00\",\"mainEntityOfPage\":{\"@id\":\"https:\\\/\\\/www.financialafrik.com\\\/touristicafrik\\\/2019\\\/05\\\/26\\\/senegal-de-quoi-le-derapage-de-adja-astou-est-il-le-nom\\\/\"},\"wordCount\":757,\"commentCount\":3,\"publisher\":{\"@id\":\"https:\\\/\\\/www.financialafrik.com\\\/touristicafrik\\\/#organization\"},\"image\":{\"@id\":\"https:\\\/\\\/www.financialafrik.com\\\/touristicafrik\\\/2019\\\/05\\\/26\\\/senegal-de-quoi-le-derapage-de-adja-astou-est-il-le-nom\\\/#primaryimage\"},\"thumbnailUrl\":\"https:\\\/\\\/www.financialafrik.com\\\/touristicafrik\\\/wp-content\\\/uploads\\\/2019\\\/05\\\/D58C9725-9CF2-4BC3-95F7-CA8525B7D670.png\",\"articleSection\":[\"Uncategorized\",\"Une\"],\"inLanguage\":\"fr-FR\",\"potentialAction\":[{\"@type\":\"CommentAction\",\"name\":\"Comment\",\"target\":[\"https:\\\/\\\/www.financialafrik.com\\\/touristicafrik\\\/2019\\\/05\\\/26\\\/senegal-de-quoi-le-derapage-de-adja-astou-est-il-le-nom\\\/#respond\"]}]},{\"@type\":\"WebPage\",\"@id\":\"https:\\\/\\\/www.financialafrik.com\\\/touristicafrik\\\/2019\\\/05\\\/26\\\/senegal-de-quoi-le-derapage-de-adja-astou-est-il-le-nom\\\/\",\"url\":\"https:\\\/\\\/www.financialafrik.com\\\/touristicafrik\\\/2019\\\/05\\\/26\\\/senegal-de-quoi-le-derapage-de-adja-astou-est-il-le-nom\\\/\",\"name\":\"Touristic Afrik | S\u00e9n\u00e9gal : de quoi le d\u00e9rapage de Adja Astou est-il le nom?\",\"isPartOf\":{\"@id\":\"https:\\\/\\\/www.financialafrik.com\\\/touristicafrik\\\/#website\"},\"primaryImageOfPage\":{\"@id\":\"https:\\\/\\\/www.financialafrik.com\\\/touristicafrik\\\/2019\\\/05\\\/26\\\/senegal-de-quoi-le-derapage-de-adja-astou-est-il-le-nom\\\/#primaryimage\"},\"image\":{\"@id\":\"https:\\\/\\\/www.financialafrik.com\\\/touristicafrik\\\/2019\\\/05\\\/26\\\/senegal-de-quoi-le-derapage-de-adja-astou-est-il-le-nom\\\/#primaryimage\"},\"thumbnailUrl\":\"https:\\\/\\\/www.financialafrik.com\\\/touristicafrik\\\/wp-content\\\/uploads\\\/2019\\\/05\\\/D58C9725-9CF2-4BC3-95F7-CA8525B7D670.png\",\"datePublished\":\"2019-05-26T19:37:40+00:00\",\"dateModified\":\"2021-03-30T08:18:04+00:00\",\"description\":\"Les derni\u00e8res news sur l\u2019h\u00f4tellerie, les voyagistes et les compagnies a\u00e9riennes. Exp\u00e9rience client, avis et reportages. Touristic Afrik est un site sp\u00e9cialis\u00e9 du Groupe Financial Afrik.\",\"breadcrumb\":{\"@id\":\"https:\\\/\\\/www.financialafrik.com\\\/touristicafrik\\\/2019\\\/05\\\/26\\\/senegal-de-quoi-le-derapage-de-adja-astou-est-il-le-nom\\\/#breadcrumb\"},\"inLanguage\":\"fr-FR\",\"potentialAction\":[{\"@type\":\"ReadAction\",\"target\":[\"https:\\\/\\\/www.financialafrik.com\\\/touristicafrik\\\/2019\\\/05\\\/26\\\/senegal-de-quoi-le-derapage-de-adja-astou-est-il-le-nom\\\/\"]}]},{\"@type\":\"ImageObject\",\"inLanguage\":\"fr-FR\",\"@id\":\"https:\\\/\\\/www.financialafrik.com\\\/touristicafrik\\\/2019\\\/05\\\/26\\\/senegal-de-quoi-le-derapage-de-adja-astou-est-il-le-nom\\\/#primaryimage\",\"url\":\"https:\\\/\\\/www.financialafrik.com\\\/touristicafrik\\\/wp-content\\\/uploads\\\/2019\\\/05\\\/D58C9725-9CF2-4BC3-95F7-CA8525B7D670.png\",\"contentUrl\":\"https:\\\/\\\/www.financialafrik.com\\\/touristicafrik\\\/wp-content\\\/uploads\\\/2019\\\/05\\\/D58C9725-9CF2-4BC3-95F7-CA8525B7D670.png\",\"width\":620,\"height\":400,\"caption\":\"Adja Astou, une animatrice dans le bad buzz.\"},{\"@type\":\"BreadcrumbList\",\"@id\":\"https:\\\/\\\/www.financialafrik.com\\\/touristicafrik\\\/2019\\\/05\\\/26\\\/senegal-de-quoi-le-derapage-de-adja-astou-est-il-le-nom\\\/#breadcrumb\",\"itemListElement\":[{\"@type\":\"ListItem\",\"position\":1,\"name\":\"Accueil\",\"item\":\"https:\\\/\\\/www.financialafrik.com\\\/touristicafrik\\\/\"},{\"@type\":\"ListItem\",\"position\":2,\"name\":\"S\u00e9n\u00e9gal : de quoi le d\u00e9rapage de Adja Astou est-il le nom?\"}]},{\"@type\":\"WebSite\",\"@id\":\"https:\\\/\\\/www.financialafrik.com\\\/touristicafrik\\\/#website\",\"url\":\"https:\\\/\\\/www.financialafrik.com\\\/touristicafrik\\\/\",\"name\":\"Touristic Afrik\",\"description\":\"L\u2019actualit\u00e9 touristique africaine\",\"publisher\":{\"@id\":\"https:\\\/\\\/www.financialafrik.com\\\/touristicafrik\\\/#organization\"},\"potentialAction\":[{\"@type\":\"SearchAction\",\"target\":{\"@type\":\"EntryPoint\",\"urlTemplate\":\"https:\\\/\\\/www.financialafrik.com\\\/touristicafrik\\\/?s={search_term_string}\"},\"query-input\":{\"@type\":\"PropertyValueSpecification\",\"valueRequired\":true,\"valueName\":\"search_term_string\"}}],\"inLanguage\":\"fr-FR\"},{\"@type\":\"Organization\",\"@id\":\"https:\\\/\\\/www.financialafrik.com\\\/touristicafrik\\\/#organization\",\"name\":\"Touristic Afrik\",\"url\":\"https:\\\/\\\/www.financialafrik.com\\\/touristicafrik\\\/\",\"logo\":{\"@type\":\"ImageObject\",\"inLanguage\":\"fr-FR\",\"@id\":\"https:\\\/\\\/www.financialafrik.com\\\/touristicafrik\\\/#\\\/schema\\\/logo\\\/image\\\/\",\"url\":\"https:\\\/\\\/touristicafrik.com\\\/wp-content\\\/uploads\\\/2022\\\/03\\\/blog-FA_Plan-de-travail-1.png\",\"contentUrl\":\"https:\\\/\\\/touristicafrik.com\\\/wp-content\\\/uploads\\\/2022\\\/03\\\/blog-FA_Plan-de-travail-1.png\",\"width\":1115,\"height\":242,\"caption\":\"Touristic Afrik\"},\"image\":{\"@id\":\"https:\\\/\\\/www.financialafrik.com\\\/touristicafrik\\\/#\\\/schema\\\/logo\\\/image\\\/\"},\"sameAs\":[\"https:\\\/\\\/www.facebook.com\\\/FinancialAfrik\\\/\",\"https:\\\/\\\/x.com\\\/Financialafrik\",\"https:\\\/\\\/www.instagram.com\\\/financial_afrik\\\/\",\"https:\\\/\\\/www.linkedin.com\\\/pub\\\/financial-afrik\\\/71\\\/727\\\/4bb\",\"https:\\\/\\\/www.youtube.com\\\/channel\\\/UCSeoXcgLHLSVaKqMP7cQaJQ\\\/\"]},{\"@type\":\"Person\",\"@id\":\"https:\\\/\\\/www.financialafrik.com\\\/touristicafrik\\\/#\\\/schema\\\/person\\\/fe0c9cf852c8f82538f74666bb0acb0f\",\"name\":\"La r\u00e9daction\",\"image\":{\"@type\":\"ImageObject\",\"inLanguage\":\"fr-FR\",\"@id\":\"https:\\\/\\\/secure.gravatar.com\\\/avatar\\\/c96a10dd5744a16de1cf5f4a5f23907a6d913e6ec3825c7447bb7a86e51e0a6d?s=96&d=mm&r=g\",\"url\":\"https:\\\/\\\/secure.gravatar.com\\\/avatar\\\/c96a10dd5744a16de1cf5f4a5f23907a6d913e6ec3825c7447bb7a86e51e0a6d?s=96&d=mm&r=g\",\"contentUrl\":\"https:\\\/\\\/secure.gravatar.com\\\/avatar\\\/c96a10dd5744a16de1cf5f4a5f23907a6d913e6ec3825c7447bb7a86e51e0a6d?s=96&d=mm&r=g\",\"caption\":\"La r\u00e9daction\"},\"url\":\"https:\\\/\\\/www.financialafrik.com\\\/touristicafrik\\\/author\\\/blogcfa\\\/\"}]}<\/script>\n<!-- \/ Yoast SEO plugin. -->","yoast_head_json":{"title":"Touristic Afrik | S\u00e9n\u00e9gal : de quoi le d\u00e9rapage de Adja Astou est-il le nom?","description":"Les derni\u00e8res news sur l\u2019h\u00f4tellerie, les voyagistes et les compagnies a\u00e9riennes. Exp\u00e9rience client, avis et reportages. Touristic Afrik est un site sp\u00e9cialis\u00e9 du Groupe Financial Afrik.","robots":{"index":"index","follow":"follow","max-snippet":"max-snippet:-1","max-image-preview":"max-image-preview:large","max-video-preview":"max-video-preview:-1"},"canonical":"https:\/\/www.financialafrik.com\/touristicafrik\/2019\/05\/26\/senegal-de-quoi-le-derapage-de-adja-astou-est-il-le-nom\/","og_locale":"fr_FR","og_type":"article","og_title":"Touristic Afrik | S\u00e9n\u00e9gal : de quoi le d\u00e9rapage de Adja Astou est-il le nom?","og_description":"Les derni\u00e8res news sur l\u2019h\u00f4tellerie, les voyagistes et les compagnies a\u00e9riennes. Exp\u00e9rience client, avis et reportages. Touristic Afrik est un site sp\u00e9cialis\u00e9 du Groupe Financial Afrik.","og_url":"https:\/\/www.financialafrik.com\/touristicafrik\/2019\/05\/26\/senegal-de-quoi-le-derapage-de-adja-astou-est-il-le-nom\/","og_site_name":"Touristic Afrik","article_publisher":"https:\/\/www.facebook.com\/FinancialAfrik\/","article_published_time":"2019-05-26T19:37:40+00:00","article_modified_time":"2021-03-30T08:18:04+00:00","og_image":[{"width":620,"height":400,"url":"financialafrik.com\/touristicafrik\/wp-content\/uploads\/2019\/05\/D58C9725-9CF2-4BC3-95F7-CA8525B7D670.png","type":"image\/png"}],"author":"La r\u00e9daction","twitter_card":"summary_large_image","twitter_creator":"@Financialafrik","twitter_site":"@Financialafrik","twitter_misc":{"\u00c9crit par":"La r\u00e9daction","Dur\u00e9e de lecture estim\u00e9e":"4 minutes"},"schema":{"@context":"https:\/\/schema.org","@graph":[{"@type":"Article","@id":"https:\/\/www.financialafrik.com\/touristicafrik\/2019\/05\/26\/senegal-de-quoi-le-derapage-de-adja-astou-est-il-le-nom\/#article","isPartOf":{"@id":"https:\/\/www.financialafrik.com\/touristicafrik\/2019\/05\/26\/senegal-de-quoi-le-derapage-de-adja-astou-est-il-le-nom\/"},"author":{"name":"La r\u00e9daction","@id":"https:\/\/www.financialafrik.com\/touristicafrik\/#\/schema\/person\/fe0c9cf852c8f82538f74666bb0acb0f"},"headline":"S\u00e9n\u00e9gal : de quoi le d\u00e9rapage de Adja Astou est-il le nom?","datePublished":"2019-05-26T19:37:40+00:00","dateModified":"2021-03-30T08:18:04+00:00","mainEntityOfPage":{"@id":"https:\/\/www.financialafrik.com\/touristicafrik\/2019\/05\/26\/senegal-de-quoi-le-derapage-de-adja-astou-est-il-le-nom\/"},"wordCount":757,"commentCount":3,"publisher":{"@id":"https:\/\/www.financialafrik.com\/touristicafrik\/#organization"},"image":{"@id":"https:\/\/www.financialafrik.com\/touristicafrik\/2019\/05\/26\/senegal-de-quoi-le-derapage-de-adja-astou-est-il-le-nom\/#primaryimage"},"thumbnailUrl":"https:\/\/www.financialafrik.com\/touristicafrik\/wp-content\/uploads\/2019\/05\/D58C9725-9CF2-4BC3-95F7-CA8525B7D670.png","articleSection":["Uncategorized","Une"],"inLanguage":"fr-FR","potentialAction":[{"@type":"CommentAction","name":"Comment","target":["https:\/\/www.financialafrik.com\/touristicafrik\/2019\/05\/26\/senegal-de-quoi-le-derapage-de-adja-astou-est-il-le-nom\/#respond"]}]},{"@type":"WebPage","@id":"https:\/\/www.financialafrik.com\/touristicafrik\/2019\/05\/26\/senegal-de-quoi-le-derapage-de-adja-astou-est-il-le-nom\/","url":"https:\/\/www.financialafrik.com\/touristicafrik\/2019\/05\/26\/senegal-de-quoi-le-derapage-de-adja-astou-est-il-le-nom\/","name":"Touristic Afrik | S\u00e9n\u00e9gal : de quoi le d\u00e9rapage de Adja Astou est-il le nom?","isPartOf":{"@id":"https:\/\/www.financialafrik.com\/touristicafrik\/#website"},"primaryImageOfPage":{"@id":"https:\/\/www.financialafrik.com\/touristicafrik\/2019\/05\/26\/senegal-de-quoi-le-derapage-de-adja-astou-est-il-le-nom\/#primaryimage"},"image":{"@id":"https:\/\/www.financialafrik.com\/touristicafrik\/2019\/05\/26\/senegal-de-quoi-le-derapage-de-adja-astou-est-il-le-nom\/#primaryimage"},"thumbnailUrl":"https:\/\/www.financialafrik.com\/touristicafrik\/wp-content\/uploads\/2019\/05\/D58C9725-9CF2-4BC3-95F7-CA8525B7D670.png","datePublished":"2019-05-26T19:37:40+00:00","dateModified":"2021-03-30T08:18:04+00:00","description":"Les derni\u00e8res news sur l\u2019h\u00f4tellerie, les voyagistes et les compagnies a\u00e9riennes. Exp\u00e9rience client, avis et reportages. Touristic Afrik est un site sp\u00e9cialis\u00e9 du Groupe Financial Afrik.","breadcrumb":{"@id":"https:\/\/www.financialafrik.com\/touristicafrik\/2019\/05\/26\/senegal-de-quoi-le-derapage-de-adja-astou-est-il-le-nom\/#breadcrumb"},"inLanguage":"fr-FR","potentialAction":[{"@type":"ReadAction","target":["https:\/\/www.financialafrik.com\/touristicafrik\/2019\/05\/26\/senegal-de-quoi-le-derapage-de-adja-astou-est-il-le-nom\/"]}]},{"@type":"ImageObject","inLanguage":"fr-FR","@id":"https:\/\/www.financialafrik.com\/touristicafrik\/2019\/05\/26\/senegal-de-quoi-le-derapage-de-adja-astou-est-il-le-nom\/#primaryimage","url":"https:\/\/www.financialafrik.com\/touristicafrik\/wp-content\/uploads\/2019\/05\/D58C9725-9CF2-4BC3-95F7-CA8525B7D670.png","contentUrl":"https:\/\/www.financialafrik.com\/touristicafrik\/wp-content\/uploads\/2019\/05\/D58C9725-9CF2-4BC3-95F7-CA8525B7D670.png","width":620,"height":400,"caption":"Adja Astou, une animatrice dans le bad buzz."},{"@type":"BreadcrumbList","@id":"https:\/\/www.financialafrik.com\/touristicafrik\/2019\/05\/26\/senegal-de-quoi-le-derapage-de-adja-astou-est-il-le-nom\/#breadcrumb","itemListElement":[{"@type":"ListItem","position":1,"name":"Accueil","item":"https:\/\/www.financialafrik.com\/touristicafrik\/"},{"@type":"ListItem","position":2,"name":"S\u00e9n\u00e9gal : de quoi le d\u00e9rapage de Adja Astou est-il le nom?"}]},{"@type":"WebSite","@id":"https:\/\/www.financialafrik.com\/touristicafrik\/#website","url":"https:\/\/www.financialafrik.com\/touristicafrik\/","name":"Touristic Afrik","description":"L\u2019actualit\u00e9 touristique africaine","publisher":{"@id":"https:\/\/www.financialafrik.com\/touristicafrik\/#organization"},"potentialAction":[{"@type":"SearchAction","target":{"@type":"EntryPoint","urlTemplate":"https:\/\/www.financialafrik.com\/touristicafrik\/?s={search_term_string}"},"query-input":{"@type":"PropertyValueSpecification","valueRequired":true,"valueName":"search_term_string"}}],"inLanguage":"fr-FR"},{"@type":"Organization","@id":"https:\/\/www.financialafrik.com\/touristicafrik\/#organization","name":"Touristic Afrik","url":"https:\/\/www.financialafrik.com\/touristicafrik\/","logo":{"@type":"ImageObject","inLanguage":"fr-FR","@id":"https:\/\/www.financialafrik.com\/touristicafrik\/#\/schema\/logo\/image\/","url":"https:\/\/touristicafrik.com\/wp-content\/uploads\/2022\/03\/blog-FA_Plan-de-travail-1.png","contentUrl":"https:\/\/touristicafrik.com\/wp-content\/uploads\/2022\/03\/blog-FA_Plan-de-travail-1.png","width":1115,"height":242,"caption":"Touristic Afrik"},"image":{"@id":"https:\/\/www.financialafrik.com\/touristicafrik\/#\/schema\/logo\/image\/"},"sameAs":["https:\/\/www.facebook.com\/FinancialAfrik\/","https:\/\/x.com\/Financialafrik","https:\/\/www.instagram.com\/financial_afrik\/","https:\/\/www.linkedin.com\/pub\/financial-afrik\/71\/727\/4bb","https:\/\/www.youtube.com\/channel\/UCSeoXcgLHLSVaKqMP7cQaJQ\/"]},{"@type":"Person","@id":"https:\/\/www.financialafrik.com\/touristicafrik\/#\/schema\/person\/fe0c9cf852c8f82538f74666bb0acb0f","name":"La r\u00e9daction","image":{"@type":"ImageObject","inLanguage":"fr-FR","@id":"https:\/\/secure.gravatar.com\/avatar\/c96a10dd5744a16de1cf5f4a5f23907a6d913e6ec3825c7447bb7a86e51e0a6d?s=96&d=mm&r=g","url":"https:\/\/secure.gravatar.com\/avatar\/c96a10dd5744a16de1cf5f4a5f23907a6d913e6ec3825c7447bb7a86e51e0a6d?s=96&d=mm&r=g","contentUrl":"https:\/\/secure.gravatar.com\/avatar\/c96a10dd5744a16de1cf5f4a5f23907a6d913e6ec3825c7447bb7a86e51e0a6d?s=96&d=mm&r=g","caption":"La r\u00e9daction"},"url":"https:\/\/www.financialafrik.com\/touristicafrik\/author\/blogcfa\/"}]}},"jetpack_publicize_connections":[],"jetpack_featured_media_url":"https:\/\/www.financialafrik.com\/touristicafrik\/wp-content\/uploads\/2019\/05\/D58C9725-9CF2-4BC3-95F7-CA8525B7D670.png","jetpack_shortlink":"https:\/\/wp.me\/pa7a93-5y","jetpack_sharing_enabled":true,"_links":{"self":[{"href":"https:\/\/www.financialafrik.com\/touristicafrik\/wp-json\/wp\/v2\/posts\/344","targetHints":{"allow":["GET"]}}],"collection":[{"href":"https:\/\/www.financialafrik.com\/touristicafrik\/wp-json\/wp\/v2\/posts"}],"about":[{"href":"https:\/\/www.financialafrik.com\/touristicafrik\/wp-json\/wp\/v2\/types\/post"}],"author":[{"embeddable":true,"href":"https:\/\/www.financialafrik.com\/touristicafrik\/wp-json\/wp\/v2\/users\/4"}],"replies":[{"embeddable":true,"href":"https:\/\/www.financialafrik.com\/touristicafrik\/wp-json\/wp\/v2\/comments?post=344"}],"version-history":[{"count":1,"href":"https:\/\/www.financialafrik.com\/touristicafrik\/wp-json\/wp\/v2\/posts\/344\/revisions"}],"predecessor-version":[{"id":349,"href":"https:\/\/www.financialafrik.com\/touristicafrik\/wp-json\/wp\/v2\/posts\/344\/revisions\/349"}],"wp:featuredmedia":[{"embeddable":true,"href":"https:\/\/www.financialafrik.com\/touristicafrik\/wp-json\/wp\/v2\/media\/348"}],"wp:attachment":[{"href":"https:\/\/www.financialafrik.com\/touristicafrik\/wp-json\/wp\/v2\/media?parent=344"}],"wp:term":[{"taxonomy":"category","embeddable":true,"href":"https:\/\/www.financialafrik.com\/touristicafrik\/wp-json\/wp\/v2\/categories?post=344"},{"taxonomy":"post_tag","embeddable":true,"href":"https:\/\/www.financialafrik.com\/touristicafrik\/wp-json\/wp\/v2\/tags?post=344"}],"curies":[{"name":"wp","href":"https:\/\/api.w.org\/{rel}","templated":true}]}}