{"id":494085,"date":"2026-08-16T14:55:07","date_gmt":"2026-08-16T14:55:07","guid":{"rendered":"https:\/\/www.financialafrik.com\/en\/2026\/08\/16\/senegal-safietou-niang-sarr-leaves-brm-and-returns-to-afrika-bank\/"},"modified":"2026-08-16T14:55:17","modified_gmt":"2026-08-16T14:55:17","slug":"senegal-safietou-niang-sarr-leaves-brm-and-returns-to-afrika-bank","status":"publish","type":"post","link":"https:\/\/www.financialafrik.com\/en\/2026\/08\/16\/senegal-safietou-niang-sarr-leaves-brm-and-returns-to-afrika-bank\/","title":{"rendered":"Senegal: Safi\u00e9tou Niang Sarr leaves BRM and returns to Afrika Bank"},"content":{"rendered":"<p>It&#8217;s not yet the banking transfer window, but it looks like it. Safi\u00e9tou Niang Sarr, who has been serving as the general manager of Banque R\u00e9gionale de March\u00e9s (BRM) for six years, left her position on Thursday, August 13, 2026. According to Financial Afrik, she is expected to take over as the director of Afrika... <\/p>\n<div class=\"pmpro\"><div class=\"pmpro_card pmpro_content_message\"><h2 class=\"pmpro_card_title pmpro_font-large\"><svg xmlns=\"http:\/\/www.w3.org\/2000\/svg\" width=\"24\" height=\"24\" viewBox=\"0 0 24 24\" fill=\"none\" stroke=\"var(--pmpro--color--accent)\" stroke-width=\"2\" stroke-linecap=\"round\" stroke-linejoin=\"round\" class=\"feather feather-lock\"><rect x=\"3\" y=\"11\" width=\"18\" height=\"11\" rx=\"2\" ry=\"2\"><\/rect><path d=\"M7 11V7a5 5 0 0 1 10 0v4\"><\/path><\/svg>Membership Required<\/h2><div class=\"pmpro_card_content\"><p> You must be a member to access this content.<\/p><p><a class=\"pmpro_btn\" href=\"https:\/\/www.financialafrik.com\/en\/membership-account\/membership-levels\/\">View Membership Levels<\/a><\/p><\/div><div class=\"pmpro_card_actions pmpro_font-medium\">Already a member? <a href=\"https:\/\/www.financialafrik.com\/en\/login-3\/?redirect_to=https%3A%2F%2Fwww.financialafrik.com%2Fen%2F2026%2F08%2F16%2Fsenegal-safietou-niang-sarr-leaves-brm-and-returns-to-afrika-bank%2F\">Log in here<\/a><\/div><\/div><\/div>","protected":false},"excerpt":{"rendered":"<p>It&#8217;s not yet the banking transfer window, but it looks like it. Safi\u00e9tou Niang Sarr, who has been serving as the general manager of Banque R\u00e9gionale de March\u00e9s (BRM) for six years, left her position on Thursday, August 13, 2026. According to Financial Afrik, she is expected to take over as the director of Afrika&#8230;... <\/p>\n<div class=\"pmpro\"><div class=\"pmpro_card pmpro_content_message\"><h2 class=\"pmpro_card_title pmpro_font-large\"><svg xmlns=\"http:\/\/www.w3.org\/2000\/svg\" width=\"24\" height=\"24\" viewBox=\"0 0 24 24\" fill=\"none\" stroke=\"var(--pmpro--color--accent)\" stroke-width=\"2\" stroke-linecap=\"round\" stroke-linejoin=\"round\" class=\"feather feather-lock\"><rect x=\"3\" y=\"11\" width=\"18\" height=\"11\" rx=\"2\" ry=\"2\"><\/rect><path d=\"M7 11V7a5 5 0 0 1 10 0v4\"><\/path><\/svg>Membership Required<\/h2><div class=\"pmpro_card_content\"><p> You must be a member to access this content.<\/p><p><a class=\"pmpro_btn\" href=\"https:\/\/www.financialafrik.com\/en\/membership-account\/membership-levels\/\">View Membership Levels<\/a><\/p><\/div><div class=\"pmpro_card_actions pmpro_font-medium\">Already a member? <a href=\"https:\/\/www.financialafrik.com\/en\/login-3\/?redirect_to=https%3A%2F%2Fwww.financialafrik.com%2Fen%2F2026%2F08%2F16%2Fsenegal-safietou-niang-sarr-leaves-brm-and-returns-to-afrika-bank%2F\">Log in here<\/a><\/div><\/div><\/div>","protected":false},"author":4,"featured_media":494086,"comment_status":"open","ping_status":"closed","sticky":false,"template":"","format":"standard","meta":{"pmpro_default_level":"","_jetpack_newsletter_access":"","_jetpack_dont_email_post_to_subs":false,"_jetpack_newsletter_tier_id":0,"_jetpack_memberships_contains_paywalled_content":false,"_jetpack_feature_clip_id":0,"_jetpack_memberships_contains_paid_content":false,"footnotes":"","jetpack_publicize_message":"","jetpack_publicize_feature_enabled":true,"jetpack_social_post_already_shared":true,"jetpack_social_options":{"image_generator_settings":{"template":"highway","default_image_id":0,"font":"","enabled":false},"version":2},"jetpack_post_was_ever_published":false},"categories":[16158,12591,11996,12038],"tags":[],"class_list":["post-494085","post","type-post","status-publish","format-standard","has-post-thumbnail","category-bank","category-feature","category-finance-en","category-premium-en","pmpro-level-required","pmpro-level-1","pmpro-level-3","pmpro-level-4","pmpro-level-5","pmpro-level-6","pmpro-level-7","pmpro-no-access"],"yoast_head":"<!-- This site is optimized with the Yoast SEO Premium plugin v21.5 (Yoast SEO v28.4) - https:\/\/yoast.com\/product\/yoast-seo-premium-wordpress\/ -->\n<title>Senegal: Safi\u00e9tou Niang Sarr leaves BRM and returns to Afrika Bank - Financial Afrik<\/title>\n<meta name=\"description\" content=\"Headed by Adama Wade and his team of 20 journalists, Kapital Afrik offers strategic and financial information to executives and managers. The aim of Kapital Afrik is to provide financial and political news, give priority to human entrepreneurial experiences, lend life to economic policies, givemeaning to statistics. Our \u201cexaggerated pretensions\u201d inspire us. We will strive, and gradually, to conceive, comfort and reach them. Three versions, three approaches and a global vision. The website is constantly on the news. The newsletter relays information every morning to executives, bankers, university financiers, students. The monthly edition analyzes the information and explains the setbacks. A single credo initiates our journalistic approach: information = actors, facts = a pluralistic vision. We aspire to neutrality, but we assume our subjectivity\" \/>\n<meta name=\"robots\" content=\"index, follow, max-snippet:-1, max-image-preview:large, max-video-preview:-1\" \/>\n<link rel=\"canonical\" href=\"https:\/\/www.financialafrik.com\/en\/2026\/08\/16\/senegal-safietou-niang-sarr-leaves-brm-and-returns-to-afrika-bank\/\" \/>\n<meta property=\"og:locale\" content=\"en_US\" \/>\n<meta property=\"og:type\" content=\"article\" \/>\n<meta property=\"og:title\" content=\"Senegal: Safi\u00e9tou Niang Sarr leaves BRM and returns to Afrika Bank\" \/>\n<meta property=\"og:description\" content=\"Headed by Adama Wade and his team of 20 journalists, Kapital Afrik offers strategic and financial information to executives and managers. The aim of Kapital Afrik is to provide financial and political news, give priority to human entrepreneurial experiences, lend life to economic policies, givemeaning to statistics. Our \u201cexaggerated pretensions\u201d inspire us. We will strive, and gradually, to conceive, comfort and reach them. Three versions, three approaches and a global vision. The website is constantly on the news. The newsletter relays information every morning to executives, bankers, university financiers, students. The monthly edition analyzes the information and explains the setbacks. A single credo initiates our journalistic approach: information = actors, facts = a pluralistic vision. We aspire to neutrality, but we assume our subjectivity\" \/>\n<meta property=\"og:url\" content=\"https:\/\/www.financialafrik.com\/en\/2026\/08\/16\/senegal-safietou-niang-sarr-leaves-brm-and-returns-to-afrika-bank\/\" \/>\n<meta property=\"og:site_name\" content=\"Financial Afrik\" \/>\n<meta property=\"article:publisher\" content=\"https:\/\/www.facebook.com\/FinancialAfrik\/\" \/>\n<meta property=\"article:published_time\" content=\"2026-08-16T14:55:07+00:00\" \/>\n<meta property=\"article:modified_time\" content=\"2026-08-16T14:55:17+00:00\" \/>\n<meta property=\"og:image\" content=\"https:\/\/www.financialafrik.com\/en\/wp-content\/uploads\/2026\/08\/IMG_6175.jpeg\" \/>\n\t<meta property=\"og:image:width\" content=\"696\" \/>\n\t<meta property=\"og:image:height\" content=\"522\" \/>\n\t<meta property=\"og:image:type\" content=\"image\/jpeg\" \/>\n<meta name=\"author\" content=\"Adama WADE\" \/>\n<meta name=\"twitter:card\" content=\"summary_large_image\" \/>\n<meta name=\"twitter:creator\" content=\"@Financialafrik\" \/>\n<meta name=\"twitter:site\" content=\"@Financialafrik\" \/>\n<meta name=\"twitter:label1\" content=\"Written by\" \/>\n\t<meta name=\"twitter:data1\" content=\"Adama WADE\" \/>\n\t<meta name=\"twitter:label2\" content=\"Est. reading time\" \/>\n\t<meta name=\"twitter:data2\" content=\"3 minutes\" \/>\n<script type=\"application\/ld+json\" class=\"yoast-schema-graph\">{\"@context\":\"https:\\\/\\\/schema.org\",\"@graph\":[{\"@type\":\"Article\",\"@id\":\"https:\\\/\\\/www.financialafrik.com\\\/en\\\/2026\\\/08\\\/16\\\/senegal-safietou-niang-sarr-leaves-brm-and-returns-to-afrika-bank\\\/#article\",\"isPartOf\":{\"@id\":\"https:\\\/\\\/www.financialafrik.com\\\/en\\\/2026\\\/08\\\/16\\\/senegal-safietou-niang-sarr-leaves-brm-and-returns-to-afrika-bank\\\/\"},\"author\":{\"name\":\"Adama WADE\",\"@id\":\"https:\\\/\\\/www.financialafrik.com\\\/en\\\/#\\\/schema\\\/person\\\/956e018b474e7a6a94633ee51b778c73\"},\"headline\":\"Senegal: Safi\u00e9tou Niang Sarr leaves BRM and returns to Afrika Bank\",\"datePublished\":\"2026-08-16T14:55:07+00:00\",\"dateModified\":\"2026-08-16T14:55:17+00:00\",\"mainEntityOfPage\":{\"@id\":\"https:\\\/\\\/www.financialafrik.com\\\/en\\\/2026\\\/08\\\/16\\\/senegal-safietou-niang-sarr-leaves-brm-and-returns-to-afrika-bank\\\/\"},\"wordCount\":695,\"commentCount\":0,\"publisher\":{\"@id\":\"https:\\\/\\\/www.financialafrik.com\\\/en\\\/#organization\"},\"image\":{\"@id\":\"https:\\\/\\\/www.financialafrik.com\\\/en\\\/2026\\\/08\\\/16\\\/senegal-safietou-niang-sarr-leaves-brm-and-returns-to-afrika-bank\\\/#primaryimage\"},\"thumbnailUrl\":\"https:\\\/\\\/www.financialafrik.com\\\/en\\\/wp-content\\\/uploads\\\/2026\\\/08\\\/IMG_6175.jpeg\",\"articleSection\":[\"Bank\",\"Featured\",\"Finance\",\"Premium\"],\"inLanguage\":\"en-US\",\"potentialAction\":[{\"@type\":\"CommentAction\",\"name\":\"Comment\",\"target\":[\"https:\\\/\\\/www.financialafrik.com\\\/en\\\/2026\\\/08\\\/16\\\/senegal-safietou-niang-sarr-leaves-brm-and-returns-to-afrika-bank\\\/#respond\"]}]},{\"@type\":\"WebPage\",\"@id\":\"https:\\\/\\\/www.financialafrik.com\\\/en\\\/2026\\\/08\\\/16\\\/senegal-safietou-niang-sarr-leaves-brm-and-returns-to-afrika-bank\\\/\",\"url\":\"https:\\\/\\\/www.financialafrik.com\\\/en\\\/2026\\\/08\\\/16\\\/senegal-safietou-niang-sarr-leaves-brm-and-returns-to-afrika-bank\\\/\",\"name\":\"Senegal: Safi\u00e9tou Niang Sarr leaves BRM and returns to Afrika Bank - Financial Afrik\",\"isPartOf\":{\"@id\":\"https:\\\/\\\/www.financialafrik.com\\\/en\\\/#website\"},\"primaryImageOfPage\":{\"@id\":\"https:\\\/\\\/www.financialafrik.com\\\/en\\\/2026\\\/08\\\/16\\\/senegal-safietou-niang-sarr-leaves-brm-and-returns-to-afrika-bank\\\/#primaryimage\"},\"image\":{\"@id\":\"https:\\\/\\\/www.financialafrik.com\\\/en\\\/2026\\\/08\\\/16\\\/senegal-safietou-niang-sarr-leaves-brm-and-returns-to-afrika-bank\\\/#primaryimage\"},\"thumbnailUrl\":\"https:\\\/\\\/www.financialafrik.com\\\/en\\\/wp-content\\\/uploads\\\/2026\\\/08\\\/IMG_6175.jpeg\",\"datePublished\":\"2026-08-16T14:55:07+00:00\",\"dateModified\":\"2026-08-16T14:55:17+00:00\",\"description\":\"Headed by Adama Wade and his team of 20 journalists, Kapital Afrik offers strategic and financial information to executives and managers. The aim of Kapital Afrik is to provide financial and political news, give priority to human entrepreneurial experiences, lend life to economic policies, givemeaning to statistics. Our \u201cexaggerated pretensions\u201d inspire us. We will strive, and gradually, to conceive, comfort and reach them. Three versions, three approaches and a global vision. The website is constantly on the news. The newsletter relays information every morning to executives, bankers, university financiers, students. The monthly edition analyzes the information and explains the setbacks. A single credo initiates our journalistic approach: information = actors, facts = a pluralistic vision. We aspire to neutrality, but we assume our subjectivity\",\"inLanguage\":\"en-US\",\"potentialAction\":[{\"@type\":\"ReadAction\",\"target\":[\"https:\\\/\\\/www.financialafrik.com\\\/en\\\/2026\\\/08\\\/16\\\/senegal-safietou-niang-sarr-leaves-brm-and-returns-to-afrika-bank\\\/\"]}]},{\"@type\":\"ImageObject\",\"inLanguage\":\"en-US\",\"@id\":\"https:\\\/\\\/www.financialafrik.com\\\/en\\\/2026\\\/08\\\/16\\\/senegal-safietou-niang-sarr-leaves-brm-and-returns-to-afrika-bank\\\/#primaryimage\",\"url\":\"https:\\\/\\\/www.financialafrik.com\\\/en\\\/wp-content\\\/uploads\\\/2026\\\/08\\\/IMG_6175.jpeg\",\"contentUrl\":\"https:\\\/\\\/www.financialafrik.com\\\/en\\\/wp-content\\\/uploads\\\/2026\\\/08\\\/IMG_6175.jpeg\",\"width\":696,\"height\":522},{\"@type\":\"WebSite\",\"@id\":\"https:\\\/\\\/www.financialafrik.com\\\/en\\\/#website\",\"url\":\"https:\\\/\\\/www.financialafrik.com\\\/en\\\/\",\"name\":\"Kapital Afrik\",\"description\":\"All African finance\",\"publisher\":{\"@id\":\"https:\\\/\\\/www.financialafrik.com\\\/en\\\/#organization\"},\"potentialAction\":[{\"@type\":\"SearchAction\",\"target\":{\"@type\":\"EntryPoint\",\"urlTemplate\":\"https:\\\/\\\/www.financialafrik.com\\\/en\\\/?s={search_term_string}\"},\"query-input\":{\"@type\":\"PropertyValueSpecification\",\"valueRequired\":true,\"valueName\":\"search_term_string\"}}],\"inLanguage\":\"en-US\"},{\"@type\":\"Organization\",\"@id\":\"https:\\\/\\\/www.financialafrik.com\\\/en\\\/#organization\",\"name\":\"Kapital Afrik | All African finance\",\"url\":\"https:\\\/\\\/www.financialafrik.com\\\/en\\\/\",\"logo\":{\"@type\":\"ImageObject\",\"inLanguage\":\"en-US\",\"@id\":\"https:\\\/\\\/www.financialafrik.com\\\/en\\\/#\\\/schema\\\/logo\\\/image\\\/\",\"url\":\"https:\\\/\\\/www.kapitalafrik.com\\\/wp-content\\\/uploads\\\/2020\\\/06\\\/logo-430x76-kapital-afrik-.png\",\"contentUrl\":\"https:\\\/\\\/www.kapitalafrik.com\\\/wp-content\\\/uploads\\\/2020\\\/06\\\/logo-430x76-kapital-afrik-.png\",\"width\":1740,\"height\":266,\"caption\":\"Kapital Afrik | All African finance\"},\"image\":{\"@id\":\"https:\\\/\\\/www.financialafrik.com\\\/en\\\/#\\\/schema\\\/logo\\\/image\\\/\"},\"sameAs\":[\"https:\\\/\\\/www.facebook.com\\\/FinancialAfrik\\\/\",\"https:\\\/\\\/x.com\\\/Financialafrik\",\"https:\\\/\\\/www.instagram.com\\\/financialafrikbusiness\\\/\",\"https:\\\/\\\/www.linkedin.com\\\/in\\\/financial-afrik\\\/\",\"https:\\\/\\\/www.youtube.com\\\/channel\\\/UCSeoXcgLHLSVaKqMP7cQaJQ\\\/\"]},{\"@type\":\"Person\",\"@id\":\"https:\\\/\\\/www.financialafrik.com\\\/en\\\/#\\\/schema\\\/person\\\/956e018b474e7a6a94633ee51b778c73\",\"name\":\"Adama WADE\",\"image\":{\"@type\":\"ImageObject\",\"inLanguage\":\"en-US\",\"@id\":\"https:\\\/\\\/secure.gravatar.com\\\/avatar\\\/425dcf25371111744faa8838074df1e510ae6534e34aad47c2514d7e01780c15?s=96&d=blank&r=g\",\"url\":\"https:\\\/\\\/secure.gravatar.com\\\/avatar\\\/425dcf25371111744faa8838074df1e510ae6534e34aad47c2514d7e01780c15?s=96&d=blank&r=g\",\"contentUrl\":\"https:\\\/\\\/secure.gravatar.com\\\/avatar\\\/425dcf25371111744faa8838074df1e510ae6534e34aad47c2514d7e01780c15?s=96&d=blank&r=g\",\"caption\":\"Adama WADE\"},\"description\":\"Publishing Director of Kapital Afrik. In the African economic press for 17 years, Adama Wade had to work in Morocco in several editors. Captain at the Long Course of the Merchant Navy and holder of a Masters in Organizational Communication, Adama Wade has published an essay, \\\"The Myth of Tarzan\\\", which describes the geopolitical complex of Africa.\",\"url\":\"https:\\\/\\\/www.financialafrik.com\\\/en\\\/author\\\/adama\\\/\"}]}<\/script>\n<!-- \/ Yoast SEO Premium plugin. -->","yoast_head_json":{"title":"Senegal: Safi\u00e9tou Niang Sarr leaves BRM and returns to Afrika Bank - Financial Afrik","description":"Headed by Adama Wade and his team of 20 journalists, Kapital Afrik offers strategic and financial information to executives and managers. The aim of Kapital Afrik is to provide financial and political news, give priority to human entrepreneurial experiences, lend life to economic policies, givemeaning to statistics. Our \u201cexaggerated pretensions\u201d inspire us. We will strive, and gradually, to conceive, comfort and reach them. Three versions, three approaches and a global vision. The website is constantly on the news. The newsletter relays information every morning to executives, bankers, university financiers, students. The monthly edition analyzes the information and explains the setbacks. A single credo initiates our journalistic approach: information = actors, facts = a pluralistic vision. We aspire to neutrality, but we assume our subjectivity","robots":{"index":"index","follow":"follow","max-snippet":"max-snippet:-1","max-image-preview":"max-image-preview:large","max-video-preview":"max-video-preview:-1"},"canonical":"https:\/\/www.financialafrik.com\/en\/2026\/08\/16\/senegal-safietou-niang-sarr-leaves-brm-and-returns-to-afrika-bank\/","og_locale":"en_US","og_type":"article","og_title":"Senegal: Safi\u00e9tou Niang Sarr leaves BRM and returns to Afrika Bank","og_description":"Headed by Adama Wade and his team of 20 journalists, Kapital Afrik offers strategic and financial information to executives and managers. The aim of Kapital Afrik is to provide financial and political news, give priority to human entrepreneurial experiences, lend life to economic policies, givemeaning to statistics. Our \u201cexaggerated pretensions\u201d inspire us. We will strive, and gradually, to conceive, comfort and reach them. Three versions, three approaches and a global vision. The website is constantly on the news. The newsletter relays information every morning to executives, bankers, university financiers, students. The monthly edition analyzes the information and explains the setbacks. A single credo initiates our journalistic approach: information = actors, facts = a pluralistic vision. We aspire to neutrality, but we assume our subjectivity","og_url":"https:\/\/www.financialafrik.com\/en\/2026\/08\/16\/senegal-safietou-niang-sarr-leaves-brm-and-returns-to-afrika-bank\/","og_site_name":"Financial Afrik","article_publisher":"https:\/\/www.facebook.com\/FinancialAfrik\/","article_published_time":"2026-08-16T14:55:07+00:00","article_modified_time":"2026-08-16T14:55:17+00:00","og_image":[{"width":696,"height":522,"url":"https:\/\/www.financialafrik.com\/en\/wp-content\/uploads\/2026\/08\/IMG_6175.jpeg","type":"image\/jpeg"}],"author":"Adama WADE","twitter_card":"summary_large_image","twitter_creator":"@Financialafrik","twitter_site":"@Financialafrik","twitter_misc":{"Written by":"Adama WADE","Est. reading time":"3 minutes"},"schema":{"@context":"https:\/\/schema.org","@graph":[{"@type":"Article","@id":"https:\/\/www.financialafrik.com\/en\/2026\/08\/16\/senegal-safietou-niang-sarr-leaves-brm-and-returns-to-afrika-bank\/#article","isPartOf":{"@id":"https:\/\/www.financialafrik.com\/en\/2026\/08\/16\/senegal-safietou-niang-sarr-leaves-brm-and-returns-to-afrika-bank\/"},"author":{"name":"Adama WADE","@id":"https:\/\/www.financialafrik.com\/en\/#\/schema\/person\/956e018b474e7a6a94633ee51b778c73"},"headline":"Senegal: Safi\u00e9tou Niang Sarr leaves BRM and returns to Afrika Bank","datePublished":"2026-08-16T14:55:07+00:00","dateModified":"2026-08-16T14:55:17+00:00","mainEntityOfPage":{"@id":"https:\/\/www.financialafrik.com\/en\/2026\/08\/16\/senegal-safietou-niang-sarr-leaves-brm-and-returns-to-afrika-bank\/"},"wordCount":695,"commentCount":0,"publisher":{"@id":"https:\/\/www.financialafrik.com\/en\/#organization"},"image":{"@id":"https:\/\/www.financialafrik.com\/en\/2026\/08\/16\/senegal-safietou-niang-sarr-leaves-brm-and-returns-to-afrika-bank\/#primaryimage"},"thumbnailUrl":"https:\/\/www.financialafrik.com\/en\/wp-content\/uploads\/2026\/08\/IMG_6175.jpeg","articleSection":["Bank","Featured","Finance","Premium"],"inLanguage":"en-US","potentialAction":[{"@type":"CommentAction","name":"Comment","target":["https:\/\/www.financialafrik.com\/en\/2026\/08\/16\/senegal-safietou-niang-sarr-leaves-brm-and-returns-to-afrika-bank\/#respond"]}]},{"@type":"WebPage","@id":"https:\/\/www.financialafrik.com\/en\/2026\/08\/16\/senegal-safietou-niang-sarr-leaves-brm-and-returns-to-afrika-bank\/","url":"https:\/\/www.financialafrik.com\/en\/2026\/08\/16\/senegal-safietou-niang-sarr-leaves-brm-and-returns-to-afrika-bank\/","name":"Senegal: Safi\u00e9tou Niang Sarr leaves BRM and returns to Afrika Bank - Financial Afrik","isPartOf":{"@id":"https:\/\/www.financialafrik.com\/en\/#website"},"primaryImageOfPage":{"@id":"https:\/\/www.financialafrik.com\/en\/2026\/08\/16\/senegal-safietou-niang-sarr-leaves-brm-and-returns-to-afrika-bank\/#primaryimage"},"image":{"@id":"https:\/\/www.financialafrik.com\/en\/2026\/08\/16\/senegal-safietou-niang-sarr-leaves-brm-and-returns-to-afrika-bank\/#primaryimage"},"thumbnailUrl":"https:\/\/www.financialafrik.com\/en\/wp-content\/uploads\/2026\/08\/IMG_6175.jpeg","datePublished":"2026-08-16T14:55:07+00:00","dateModified":"2026-08-16T14:55:17+00:00","description":"Headed by Adama Wade and his team of 20 journalists, Kapital Afrik offers strategic and financial information to executives and managers. The aim of Kapital Afrik is to provide financial and political news, give priority to human entrepreneurial experiences, lend life to economic policies, givemeaning to statistics. Our \u201cexaggerated pretensions\u201d inspire us. We will strive, and gradually, to conceive, comfort and reach them. Three versions, three approaches and a global vision. The website is constantly on the news. The newsletter relays information every morning to executives, bankers, university financiers, students. The monthly edition analyzes the information and explains the setbacks. A single credo initiates our journalistic approach: information = actors, facts = a pluralistic vision. We aspire to neutrality, but we assume our subjectivity","inLanguage":"en-US","potentialAction":[{"@type":"ReadAction","target":["https:\/\/www.financialafrik.com\/en\/2026\/08\/16\/senegal-safietou-niang-sarr-leaves-brm-and-returns-to-afrika-bank\/"]}]},{"@type":"ImageObject","inLanguage":"en-US","@id":"https:\/\/www.financialafrik.com\/en\/2026\/08\/16\/senegal-safietou-niang-sarr-leaves-brm-and-returns-to-afrika-bank\/#primaryimage","url":"https:\/\/www.financialafrik.com\/en\/wp-content\/uploads\/2026\/08\/IMG_6175.jpeg","contentUrl":"https:\/\/www.financialafrik.com\/en\/wp-content\/uploads\/2026\/08\/IMG_6175.jpeg","width":696,"height":522},{"@type":"WebSite","@id":"https:\/\/www.financialafrik.com\/en\/#website","url":"https:\/\/www.financialafrik.com\/en\/","name":"Kapital Afrik","description":"All African finance","publisher":{"@id":"https:\/\/www.financialafrik.com\/en\/#organization"},"potentialAction":[{"@type":"SearchAction","target":{"@type":"EntryPoint","urlTemplate":"https:\/\/www.financialafrik.com\/en\/?s={search_term_string}"},"query-input":{"@type":"PropertyValueSpecification","valueRequired":true,"valueName":"search_term_string"}}],"inLanguage":"en-US"},{"@type":"Organization","@id":"https:\/\/www.financialafrik.com\/en\/#organization","name":"Kapital Afrik | All African finance","url":"https:\/\/www.financialafrik.com\/en\/","logo":{"@type":"ImageObject","inLanguage":"en-US","@id":"https:\/\/www.financialafrik.com\/en\/#\/schema\/logo\/image\/","url":"https:\/\/www.kapitalafrik.com\/wp-content\/uploads\/2020\/06\/logo-430x76-kapital-afrik-.png","contentUrl":"https:\/\/www.kapitalafrik.com\/wp-content\/uploads\/2020\/06\/logo-430x76-kapital-afrik-.png","width":1740,"height":266,"caption":"Kapital Afrik | All African finance"},"image":{"@id":"https:\/\/www.financialafrik.com\/en\/#\/schema\/logo\/image\/"},"sameAs":["https:\/\/www.facebook.com\/FinancialAfrik\/","https:\/\/x.com\/Financialafrik","https:\/\/www.instagram.com\/financialafrikbusiness\/","https:\/\/www.linkedin.com\/in\/financial-afrik\/","https:\/\/www.youtube.com\/channel\/UCSeoXcgLHLSVaKqMP7cQaJQ\/"]},{"@type":"Person","@id":"https:\/\/www.financialafrik.com\/en\/#\/schema\/person\/956e018b474e7a6a94633ee51b778c73","name":"Adama WADE","image":{"@type":"ImageObject","inLanguage":"en-US","@id":"https:\/\/secure.gravatar.com\/avatar\/425dcf25371111744faa8838074df1e510ae6534e34aad47c2514d7e01780c15?s=96&d=blank&r=g","url":"https:\/\/secure.gravatar.com\/avatar\/425dcf25371111744faa8838074df1e510ae6534e34aad47c2514d7e01780c15?s=96&d=blank&r=g","contentUrl":"https:\/\/secure.gravatar.com\/avatar\/425dcf25371111744faa8838074df1e510ae6534e34aad47c2514d7e01780c15?s=96&d=blank&r=g","caption":"Adama WADE"},"description":"Publishing Director of Kapital Afrik. In the African economic press for 17 years, Adama Wade had to work in Morocco in several editors. Captain at the Long Course of the Merchant Navy and holder of a Masters in Organizational Communication, Adama Wade has published an essay, \"The Myth of Tarzan\", which describes the geopolitical complex of Africa.","url":"https:\/\/www.financialafrik.com\/en\/author\/adama\/"}]}},"jetpack_publicize_connections":[],"jetpack_sharing_enabled":true,"jetpack_featured_media_url":"https:\/\/www.financialafrik.com\/en\/wp-content\/uploads\/2026\/08\/IMG_6175.jpeg","_links":{"self":[{"href":"https:\/\/www.financialafrik.com\/en\/wp-json\/wp\/v2\/posts\/494085","targetHints":{"allow":["GET"]}}],"collection":[{"href":"https:\/\/www.financialafrik.com\/en\/wp-json\/wp\/v2\/posts"}],"about":[{"href":"https:\/\/www.financialafrik.com\/en\/wp-json\/wp\/v2\/types\/post"}],"author":[{"embeddable":true,"href":"https:\/\/www.financialafrik.com\/en\/wp-json\/wp\/v2\/users\/4"}],"replies":[{"embeddable":true,"href":"https:\/\/www.financialafrik.com\/en\/wp-json\/wp\/v2\/comments?post=494085"}],"version-history":[{"count":0,"href":"https:\/\/www.financialafrik.com\/en\/wp-json\/wp\/v2\/posts\/494085\/revisions"}],"wp:featuredmedia":[{"embeddable":true,"href":"https:\/\/www.financialafrik.com\/en\/wp-json\/wp\/v2\/media\/494086"}],"wp:attachment":[{"href":"https:\/\/www.financialafrik.com\/en\/wp-json\/wp\/v2\/media?parent=494085"}],"wp:term":[{"taxonomy":"category","embeddable":true,"href":"https:\/\/www.financialafrik.com\/en\/wp-json\/wp\/v2\/categories?post=494085"},{"taxonomy":"post_tag","embeddable":true,"href":"https:\/\/www.financialafrik.com\/en\/wp-json\/wp\/v2\/tags?post=494085"}],"curies":[{"name":"wp","href":"https:\/\/api.w.org\/{rel}","templated":true}]}}