{"id":465968,"date":"2019-05-03T13:04:25","date_gmt":"2019-05-03T12:04:25","guid":{"rendered":"https:\/\/kapitalafrik.com\/?p=465968"},"modified":"2019-05-03T13:04:25","modified_gmt":"2019-05-03T12:04:25","slug":"senegal-senelec-to-a-new-boss","status":"publish","type":"post","link":"https:\/\/www.financialafrik.com\/en\/2019\/05\/03\/senegal-senelec-to-a-new-boss\/","title":{"rendered":"Senegal: Senelec to a new boss"},"content":{"rendered":"<div class=\"pdfprnt-buttons pdfprnt-buttons-post pdfprnt-top-bottom-left\"><\/div><p>Senegal&#8217;s national electricity company (SENELEC) has a new director general (DG). It is Pope Demba Bitteye, previously permanent secretary for energy at the level of the Ministry of Energy and Renewable Energy Development.<\/p>\n<p>This decision was taken on Wednesday, April 24, at the end of the cabinet. The now new DG replaces the position Makhtar Ciss\u00e9 at the helm of the company since July 2015.<\/p>\n<p>The latter has carried high the torches of the Senelec with remarkable performances. In 2016, the company signals for the first time go green. The company records a profit up 150% to 30 billion CFA francs.<\/p>\n<p>In this dynamic, the new promoted will have the heavy burden of perpetuating the work of the &#8220;maestro&#8221; but also to put the company in orbit in Fast-track mode.<\/p>\n<p>A scheme defined in the second phase of the Plan S\u00e9n\u00e9gal \u00c9mergent (PSE), which is based on 2,850 billion F CFA to accelerate the pace.<\/p>\n<p>Since 2012, the company knew 3 directors namely Pape Dieng, current general manager of Sonacos then Makhtar Cisse, new Minister of Energy and Oil. And finally, Pope Demba Bitteye, the new CEO of Senelec.<\/p>\n<div class=\"pdfprnt-buttons pdfprnt-buttons-post pdfprnt-top-bottom-left\"><\/div>","protected":false},"excerpt":{"rendered":"<p>Senegal&#8217;s national electricity company (SENELEC) has a new director general (DG). It is Pope Demba Bitteye, previously permanent secretary for energy at the level of the Ministry of Energy and Renewable Energy Development. This decision was taken on Wednesday, April 24, at the end of the cabinet. The now new DG replaces the position Makhtar<\/p>\n","protected":false},"author":536116,"featured_media":465971,"comment_status":"open","ping_status":"closed","sticky":false,"template":"","format":"aside","meta":{"pmpro_default_level":"","jetpack_post_was_ever_published":false,"_jetpack_newsletter_access":"","_jetpack_dont_email_post_to_subs":false,"_jetpack_newsletter_tier_id":0,"_jetpack_memberships_contains_paywalled_content":false,"translated_post_url_fr":"","_jetpack_memberships_contains_paid_content":false,"footnotes":"","jetpack_publicize_message":"","jetpack_publicize_feature_enabled":true,"jetpack_social_post_already_shared":true,"jetpack_social_options":{"image_generator_settings":{"template":"highway","default_image_id":0,"font":"","enabled":false},"version":2}},"categories":[12046,12067],"tags":[12147,696],"class_list":{"0":"post-465968","1":"post","2":"type-post","3":"status-publish","4":"format-aside","5":"has-post-thumbnail","7":"category-leaders-en","8":"category-managers-en","9":"tag-senegal-en","10":"tag-senelec","11":"post_format-post-format-aside","12":"pmpro-has-access"},"yoast_head":"<!-- This site is optimized with the Yoast SEO Premium plugin v21.5 (Yoast SEO v27.5) - https:\/\/yoast.com\/product\/yoast-seo-premium-wordpress\/ -->\n<title>Senegal: Senelec to a new boss - Financial Afrik<\/title>\n<meta name=\"description\" content=\"Headed by Adama Wade and his team of 20 journalists, Kapital Afrik offers strategic and financial information to executives and managers. The aim of Kapital Afrik is to provide financial and political news, give priority to human entrepreneurial experiences, lend life to economic policies, givemeaning to statistics. Our \u201cexaggerated pretensions\u201d inspire us. We will strive, and gradually, to conceive, comfort and reach them. Three versions, three approaches and a global vision. The website is constantly on the news. The newsletter relays information every morning to executives, bankers, university financiers, students. The monthly edition analyzes the information and explains the setbacks. A single credo initiates our journalistic approach: information = actors, facts = a pluralistic vision. We aspire to neutrality, but we assume our subjectivity\" \/>\n<meta name=\"robots\" content=\"index, follow, max-snippet:-1, max-image-preview:large, max-video-preview:-1\" \/>\n<link rel=\"canonical\" href=\"https:\/\/www.financialafrik.com\/en\/2019\/05\/03\/senegal-senelec-to-a-new-boss\/\" \/>\n<meta property=\"og:locale\" content=\"en_US\" \/>\n<meta property=\"og:type\" content=\"article\" \/>\n<meta property=\"og:title\" content=\"Senegal: Senelec to a new boss\" \/>\n<meta property=\"og:description\" content=\"Headed by Adama Wade and his team of 20 journalists, Kapital Afrik offers strategic and financial information to executives and managers. The aim of Kapital Afrik is to provide financial and political news, give priority to human entrepreneurial experiences, lend life to economic policies, givemeaning to statistics. Our \u201cexaggerated pretensions\u201d inspire us. We will strive, and gradually, to conceive, comfort and reach them. Three versions, three approaches and a global vision. The website is constantly on the news. The newsletter relays information every morning to executives, bankers, university financiers, students. The monthly edition analyzes the information and explains the setbacks. A single credo initiates our journalistic approach: information = actors, facts = a pluralistic vision. We aspire to neutrality, but we assume our subjectivity\" \/>\n<meta property=\"og:url\" content=\"https:\/\/www.financialafrik.com\/en\/2019\/05\/03\/senegal-senelec-to-a-new-boss\/\" \/>\n<meta property=\"og:site_name\" content=\"Financial Afrik\" \/>\n<meta property=\"article:publisher\" content=\"https:\/\/www.facebook.com\/FinancialAfrik\/\" \/>\n<meta property=\"article:published_time\" content=\"2019-05-03T12:04:25+00:00\" \/>\n<meta property=\"og:image\" content=\"https:\/\/www.financialafrik.com\/en\/wp-content\/uploads\/2019\/05\/Pape-Demba-Bite\u0300ye-Senelec-2.jpg\" \/>\n\t<meta property=\"og:image:width\" content=\"578\" \/>\n\t<meta property=\"og:image:height\" content=\"420\" \/>\n\t<meta property=\"og:image:type\" content=\"image\/jpeg\" \/>\n<meta name=\"author\" content=\"Ibrahima jr Dia\" \/>\n<meta name=\"twitter:card\" content=\"summary_large_image\" \/>\n<meta name=\"twitter:creator\" content=\"@Financialafrik\" \/>\n<meta name=\"twitter:site\" content=\"@Financialafrik\" \/>\n<meta name=\"twitter:label1\" content=\"Written by\" \/>\n\t<meta name=\"twitter:data1\" content=\"Ibrahima jr Dia\" \/>\n\t<meta name=\"twitter:label2\" content=\"Est. reading time\" \/>\n\t<meta name=\"twitter:data2\" content=\"1 minute\" \/>\n<script type=\"application\/ld+json\" class=\"yoast-schema-graph\">{\"@context\":\"https:\\\/\\\/schema.org\",\"@graph\":[{\"@type\":\"Article\",\"@id\":\"https:\\\/\\\/www.financialafrik.com\\\/en\\\/2019\\\/05\\\/03\\\/senegal-senelec-to-a-new-boss\\\/#article\",\"isPartOf\":{\"@id\":\"https:\\\/\\\/www.financialafrik.com\\\/en\\\/2019\\\/05\\\/03\\\/senegal-senelec-to-a-new-boss\\\/\"},\"author\":{\"name\":\"Ibrahima jr Dia\",\"@id\":\"https:\\\/\\\/www.financialafrik.com\\\/en\\\/#\\\/schema\\\/person\\\/88162c0907e002fa8ac009b2b76b08c6\"},\"headline\":\"Senegal: Senelec to a new boss\",\"datePublished\":\"2019-05-03T12:04:25+00:00\",\"mainEntityOfPage\":{\"@id\":\"https:\\\/\\\/www.financialafrik.com\\\/en\\\/2019\\\/05\\\/03\\\/senegal-senelec-to-a-new-boss\\\/\"},\"wordCount\":190,\"commentCount\":0,\"publisher\":{\"@id\":\"https:\\\/\\\/www.financialafrik.com\\\/en\\\/#organization\"},\"image\":{\"@id\":\"https:\\\/\\\/www.financialafrik.com\\\/en\\\/2019\\\/05\\\/03\\\/senegal-senelec-to-a-new-boss\\\/#primaryimage\"},\"thumbnailUrl\":\"https:\\\/\\\/www.financialafrik.com\\\/en\\\/wp-content\\\/uploads\\\/2019\\\/05\\\/Pape-Demba-Bite\u0300ye-Senelec-2.jpg\",\"keywords\":[\"S\u00e9n\u00e9gal\",\"Senelec\"],\"articleSection\":[\"Leaders\",\"Managers\"],\"inLanguage\":\"en-US\",\"potentialAction\":[{\"@type\":\"CommentAction\",\"name\":\"Comment\",\"target\":[\"https:\\\/\\\/www.financialafrik.com\\\/en\\\/2019\\\/05\\\/03\\\/senegal-senelec-to-a-new-boss\\\/#respond\"]}]},{\"@type\":\"WebPage\",\"@id\":\"https:\\\/\\\/www.financialafrik.com\\\/en\\\/2019\\\/05\\\/03\\\/senegal-senelec-to-a-new-boss\\\/\",\"url\":\"https:\\\/\\\/www.financialafrik.com\\\/en\\\/2019\\\/05\\\/03\\\/senegal-senelec-to-a-new-boss\\\/\",\"name\":\"Senegal: Senelec to a new boss - Financial Afrik\",\"isPartOf\":{\"@id\":\"https:\\\/\\\/www.financialafrik.com\\\/en\\\/#website\"},\"primaryImageOfPage\":{\"@id\":\"https:\\\/\\\/www.financialafrik.com\\\/en\\\/2019\\\/05\\\/03\\\/senegal-senelec-to-a-new-boss\\\/#primaryimage\"},\"image\":{\"@id\":\"https:\\\/\\\/www.financialafrik.com\\\/en\\\/2019\\\/05\\\/03\\\/senegal-senelec-to-a-new-boss\\\/#primaryimage\"},\"thumbnailUrl\":\"https:\\\/\\\/www.financialafrik.com\\\/en\\\/wp-content\\\/uploads\\\/2019\\\/05\\\/Pape-Demba-Bite\u0300ye-Senelec-2.jpg\",\"datePublished\":\"2019-05-03T12:04:25+00:00\",\"description\":\"Headed by Adama Wade and his team of 20 journalists, Kapital Afrik offers strategic and financial information to executives and managers. The aim of Kapital Afrik is to provide financial and political news, give priority to human entrepreneurial experiences, lend life to economic policies, givemeaning to statistics. Our \u201cexaggerated pretensions\u201d inspire us. We will strive, and gradually, to conceive, comfort and reach them. Three versions, three approaches and a global vision. The website is constantly on the news. The newsletter relays information every morning to executives, bankers, university financiers, students. The monthly edition analyzes the information and explains the setbacks. A single credo initiates our journalistic approach: information = actors, facts = a pluralistic vision. We aspire to neutrality, but we assume our subjectivity\",\"inLanguage\":\"en-US\",\"potentialAction\":[{\"@type\":\"ReadAction\",\"target\":[\"https:\\\/\\\/www.financialafrik.com\\\/en\\\/2019\\\/05\\\/03\\\/senegal-senelec-to-a-new-boss\\\/\"]}]},{\"@type\":\"ImageObject\",\"inLanguage\":\"en-US\",\"@id\":\"https:\\\/\\\/www.financialafrik.com\\\/en\\\/2019\\\/05\\\/03\\\/senegal-senelec-to-a-new-boss\\\/#primaryimage\",\"url\":\"https:\\\/\\\/www.financialafrik.com\\\/en\\\/wp-content\\\/uploads\\\/2019\\\/05\\\/Pape-Demba-Bite\u0300ye-Senelec-2.jpg\",\"contentUrl\":\"https:\\\/\\\/www.financialafrik.com\\\/en\\\/wp-content\\\/uploads\\\/2019\\\/05\\\/Pape-Demba-Bite\u0300ye-Senelec-2.jpg\",\"width\":578,\"height\":420},{\"@type\":\"WebSite\",\"@id\":\"https:\\\/\\\/www.financialafrik.com\\\/en\\\/#website\",\"url\":\"https:\\\/\\\/www.financialafrik.com\\\/en\\\/\",\"name\":\"Kapital Afrik\",\"description\":\"All African finance\",\"publisher\":{\"@id\":\"https:\\\/\\\/www.financialafrik.com\\\/en\\\/#organization\"},\"potentialAction\":[{\"@type\":\"SearchAction\",\"target\":{\"@type\":\"EntryPoint\",\"urlTemplate\":\"https:\\\/\\\/www.financialafrik.com\\\/en\\\/?s={search_term_string}\"},\"query-input\":{\"@type\":\"PropertyValueSpecification\",\"valueRequired\":true,\"valueName\":\"search_term_string\"}}],\"inLanguage\":\"en-US\"},{\"@type\":\"Organization\",\"@id\":\"https:\\\/\\\/www.financialafrik.com\\\/en\\\/#organization\",\"name\":\"Kapital Afrik | All African finance\",\"url\":\"https:\\\/\\\/www.financialafrik.com\\\/en\\\/\",\"logo\":{\"@type\":\"ImageObject\",\"inLanguage\":\"en-US\",\"@id\":\"https:\\\/\\\/www.financialafrik.com\\\/en\\\/#\\\/schema\\\/logo\\\/image\\\/\",\"url\":\"https:\\\/\\\/www.kapitalafrik.com\\\/wp-content\\\/uploads\\\/2020\\\/06\\\/logo-430x76-kapital-afrik-.png\",\"contentUrl\":\"https:\\\/\\\/www.kapitalafrik.com\\\/wp-content\\\/uploads\\\/2020\\\/06\\\/logo-430x76-kapital-afrik-.png\",\"width\":1740,\"height\":266,\"caption\":\"Kapital Afrik | All African finance\"},\"image\":{\"@id\":\"https:\\\/\\\/www.financialafrik.com\\\/en\\\/#\\\/schema\\\/logo\\\/image\\\/\"},\"sameAs\":[\"https:\\\/\\\/www.facebook.com\\\/FinancialAfrik\\\/\",\"https:\\\/\\\/x.com\\\/Financialafrik\",\"https:\\\/\\\/www.instagram.com\\\/financialafrikbusiness\\\/\",\"https:\\\/\\\/www.linkedin.com\\\/in\\\/financial-afrik\\\/\",\"https:\\\/\\\/www.youtube.com\\\/channel\\\/UCSeoXcgLHLSVaKqMP7cQaJQ\\\/\"]},{\"@type\":\"Person\",\"@id\":\"https:\\\/\\\/www.financialafrik.com\\\/en\\\/#\\\/schema\\\/person\\\/88162c0907e002fa8ac009b2b76b08c6\",\"name\":\"Ibrahima jr Dia\",\"image\":{\"@type\":\"ImageObject\",\"inLanguage\":\"en-US\",\"@id\":\"https:\\\/\\\/secure.gravatar.com\\\/avatar\\\/4b4507098e888771a832c4a9f97ff4b6a386221d7445dbe79b6b309c667d86dd?s=96&d=blank&r=g\",\"url\":\"https:\\\/\\\/secure.gravatar.com\\\/avatar\\\/4b4507098e888771a832c4a9f97ff4b6a386221d7445dbe79b6b309c667d86dd?s=96&d=blank&r=g\",\"contentUrl\":\"https:\\\/\\\/secure.gravatar.com\\\/avatar\\\/4b4507098e888771a832c4a9f97ff4b6a386221d7445dbe79b6b309c667d86dd?s=96&d=blank&r=g\",\"caption\":\"Ibrahima jr Dia\"},\"url\":\"https:\\\/\\\/www.financialafrik.com\\\/en\\\/author\\\/ibrahima-jr-dia\\\/\"}]}<\/script>\n<!-- \/ Yoast SEO Premium plugin. -->","yoast_head_json":{"title":"Senegal: Senelec to a new boss - Financial Afrik","description":"Headed by Adama Wade and his team of 20 journalists, Kapital Afrik offers strategic and financial information to executives and managers. The aim of Kapital Afrik is to provide financial and political news, give priority to human entrepreneurial experiences, lend life to economic policies, givemeaning to statistics. Our \u201cexaggerated pretensions\u201d inspire us. We will strive, and gradually, to conceive, comfort and reach them. Three versions, three approaches and a global vision. The website is constantly on the news. The newsletter relays information every morning to executives, bankers, university financiers, students. The monthly edition analyzes the information and explains the setbacks. A single credo initiates our journalistic approach: information = actors, facts = a pluralistic vision. We aspire to neutrality, but we assume our subjectivity","robots":{"index":"index","follow":"follow","max-snippet":"max-snippet:-1","max-image-preview":"max-image-preview:large","max-video-preview":"max-video-preview:-1"},"canonical":"https:\/\/www.financialafrik.com\/en\/2019\/05\/03\/senegal-senelec-to-a-new-boss\/","og_locale":"en_US","og_type":"article","og_title":"Senegal: Senelec to a new boss","og_description":"Headed by Adama Wade and his team of 20 journalists, Kapital Afrik offers strategic and financial information to executives and managers. The aim of Kapital Afrik is to provide financial and political news, give priority to human entrepreneurial experiences, lend life to economic policies, givemeaning to statistics. Our \u201cexaggerated pretensions\u201d inspire us. We will strive, and gradually, to conceive, comfort and reach them. Three versions, three approaches and a global vision. The website is constantly on the news. The newsletter relays information every morning to executives, bankers, university financiers, students. The monthly edition analyzes the information and explains the setbacks. A single credo initiates our journalistic approach: information = actors, facts = a pluralistic vision. We aspire to neutrality, but we assume our subjectivity","og_url":"https:\/\/www.financialafrik.com\/en\/2019\/05\/03\/senegal-senelec-to-a-new-boss\/","og_site_name":"Financial Afrik","article_publisher":"https:\/\/www.facebook.com\/FinancialAfrik\/","article_published_time":"2019-05-03T12:04:25+00:00","og_image":[{"width":578,"height":420,"url":"https:\/\/www.financialafrik.com\/en\/wp-content\/uploads\/2019\/05\/Pape-Demba-Bite\u0300ye-Senelec-2.jpg","type":"image\/jpeg"}],"author":"Ibrahima jr Dia","twitter_card":"summary_large_image","twitter_creator":"@Financialafrik","twitter_site":"@Financialafrik","twitter_misc":{"Written by":"Ibrahima jr Dia","Est. reading time":"1 minute"},"schema":{"@context":"https:\/\/schema.org","@graph":[{"@type":"Article","@id":"https:\/\/www.financialafrik.com\/en\/2019\/05\/03\/senegal-senelec-to-a-new-boss\/#article","isPartOf":{"@id":"https:\/\/www.financialafrik.com\/en\/2019\/05\/03\/senegal-senelec-to-a-new-boss\/"},"author":{"name":"Ibrahima jr Dia","@id":"https:\/\/www.financialafrik.com\/en\/#\/schema\/person\/88162c0907e002fa8ac009b2b76b08c6"},"headline":"Senegal: Senelec to a new boss","datePublished":"2019-05-03T12:04:25+00:00","mainEntityOfPage":{"@id":"https:\/\/www.financialafrik.com\/en\/2019\/05\/03\/senegal-senelec-to-a-new-boss\/"},"wordCount":190,"commentCount":0,"publisher":{"@id":"https:\/\/www.financialafrik.com\/en\/#organization"},"image":{"@id":"https:\/\/www.financialafrik.com\/en\/2019\/05\/03\/senegal-senelec-to-a-new-boss\/#primaryimage"},"thumbnailUrl":"https:\/\/www.financialafrik.com\/en\/wp-content\/uploads\/2019\/05\/Pape-Demba-Bite\u0300ye-Senelec-2.jpg","keywords":["S\u00e9n\u00e9gal","Senelec"],"articleSection":["Leaders","Managers"],"inLanguage":"en-US","potentialAction":[{"@type":"CommentAction","name":"Comment","target":["https:\/\/www.financialafrik.com\/en\/2019\/05\/03\/senegal-senelec-to-a-new-boss\/#respond"]}]},{"@type":"WebPage","@id":"https:\/\/www.financialafrik.com\/en\/2019\/05\/03\/senegal-senelec-to-a-new-boss\/","url":"https:\/\/www.financialafrik.com\/en\/2019\/05\/03\/senegal-senelec-to-a-new-boss\/","name":"Senegal: Senelec to a new boss - Financial Afrik","isPartOf":{"@id":"https:\/\/www.financialafrik.com\/en\/#website"},"primaryImageOfPage":{"@id":"https:\/\/www.financialafrik.com\/en\/2019\/05\/03\/senegal-senelec-to-a-new-boss\/#primaryimage"},"image":{"@id":"https:\/\/www.financialafrik.com\/en\/2019\/05\/03\/senegal-senelec-to-a-new-boss\/#primaryimage"},"thumbnailUrl":"https:\/\/www.financialafrik.com\/en\/wp-content\/uploads\/2019\/05\/Pape-Demba-Bite\u0300ye-Senelec-2.jpg","datePublished":"2019-05-03T12:04:25+00:00","description":"Headed by Adama Wade and his team of 20 journalists, Kapital Afrik offers strategic and financial information to executives and managers. The aim of Kapital Afrik is to provide financial and political news, give priority to human entrepreneurial experiences, lend life to economic policies, givemeaning to statistics. Our \u201cexaggerated pretensions\u201d inspire us. We will strive, and gradually, to conceive, comfort and reach them. Three versions, three approaches and a global vision. The website is constantly on the news. The newsletter relays information every morning to executives, bankers, university financiers, students. The monthly edition analyzes the information and explains the setbacks. A single credo initiates our journalistic approach: information = actors, facts = a pluralistic vision. We aspire to neutrality, but we assume our subjectivity","inLanguage":"en-US","potentialAction":[{"@type":"ReadAction","target":["https:\/\/www.financialafrik.com\/en\/2019\/05\/03\/senegal-senelec-to-a-new-boss\/"]}]},{"@type":"ImageObject","inLanguage":"en-US","@id":"https:\/\/www.financialafrik.com\/en\/2019\/05\/03\/senegal-senelec-to-a-new-boss\/#primaryimage","url":"https:\/\/www.financialafrik.com\/en\/wp-content\/uploads\/2019\/05\/Pape-Demba-Bite\u0300ye-Senelec-2.jpg","contentUrl":"https:\/\/www.financialafrik.com\/en\/wp-content\/uploads\/2019\/05\/Pape-Demba-Bite\u0300ye-Senelec-2.jpg","width":578,"height":420},{"@type":"WebSite","@id":"https:\/\/www.financialafrik.com\/en\/#website","url":"https:\/\/www.financialafrik.com\/en\/","name":"Kapital Afrik","description":"All African finance","publisher":{"@id":"https:\/\/www.financialafrik.com\/en\/#organization"},"potentialAction":[{"@type":"SearchAction","target":{"@type":"EntryPoint","urlTemplate":"https:\/\/www.financialafrik.com\/en\/?s={search_term_string}"},"query-input":{"@type":"PropertyValueSpecification","valueRequired":true,"valueName":"search_term_string"}}],"inLanguage":"en-US"},{"@type":"Organization","@id":"https:\/\/www.financialafrik.com\/en\/#organization","name":"Kapital Afrik | All African finance","url":"https:\/\/www.financialafrik.com\/en\/","logo":{"@type":"ImageObject","inLanguage":"en-US","@id":"https:\/\/www.financialafrik.com\/en\/#\/schema\/logo\/image\/","url":"https:\/\/www.kapitalafrik.com\/wp-content\/uploads\/2020\/06\/logo-430x76-kapital-afrik-.png","contentUrl":"https:\/\/www.kapitalafrik.com\/wp-content\/uploads\/2020\/06\/logo-430x76-kapital-afrik-.png","width":1740,"height":266,"caption":"Kapital Afrik | All African finance"},"image":{"@id":"https:\/\/www.financialafrik.com\/en\/#\/schema\/logo\/image\/"},"sameAs":["https:\/\/www.facebook.com\/FinancialAfrik\/","https:\/\/x.com\/Financialafrik","https:\/\/www.instagram.com\/financialafrikbusiness\/","https:\/\/www.linkedin.com\/in\/financial-afrik\/","https:\/\/www.youtube.com\/channel\/UCSeoXcgLHLSVaKqMP7cQaJQ\/"]},{"@type":"Person","@id":"https:\/\/www.financialafrik.com\/en\/#\/schema\/person\/88162c0907e002fa8ac009b2b76b08c6","name":"Ibrahima jr Dia","image":{"@type":"ImageObject","inLanguage":"en-US","@id":"https:\/\/secure.gravatar.com\/avatar\/4b4507098e888771a832c4a9f97ff4b6a386221d7445dbe79b6b309c667d86dd?s=96&d=blank&r=g","url":"https:\/\/secure.gravatar.com\/avatar\/4b4507098e888771a832c4a9f97ff4b6a386221d7445dbe79b6b309c667d86dd?s=96&d=blank&r=g","contentUrl":"https:\/\/secure.gravatar.com\/avatar\/4b4507098e888771a832c4a9f97ff4b6a386221d7445dbe79b6b309c667d86dd?s=96&d=blank&r=g","caption":"Ibrahima jr Dia"},"url":"https:\/\/www.financialafrik.com\/en\/author\/ibrahima-jr-dia\/"}]}},"jetpack_publicize_connections":[],"jetpack_featured_media_url":"https:\/\/www.financialafrik.com\/en\/wp-content\/uploads\/2019\/05\/Pape-Demba-Bite\u0300ye-Senelec-2.jpg","jetpack_sharing_enabled":true,"_links":{"self":[{"href":"https:\/\/www.financialafrik.com\/en\/wp-json\/wp\/v2\/posts\/465968","targetHints":{"allow":["GET"]}}],"collection":[{"href":"https:\/\/www.financialafrik.com\/en\/wp-json\/wp\/v2\/posts"}],"about":[{"href":"https:\/\/www.financialafrik.com\/en\/wp-json\/wp\/v2\/types\/post"}],"author":[{"embeddable":true,"href":"https:\/\/www.financialafrik.com\/en\/wp-json\/wp\/v2\/users\/536116"}],"replies":[{"embeddable":true,"href":"https:\/\/www.financialafrik.com\/en\/wp-json\/wp\/v2\/comments?post=465968"}],"version-history":[{"count":0,"href":"https:\/\/www.financialafrik.com\/en\/wp-json\/wp\/v2\/posts\/465968\/revisions"}],"wp:featuredmedia":[{"embeddable":true,"href":"https:\/\/www.financialafrik.com\/en\/wp-json\/wp\/v2\/media\/465971"}],"wp:attachment":[{"href":"https:\/\/www.financialafrik.com\/en\/wp-json\/wp\/v2\/media?parent=465968"}],"wp:term":[{"taxonomy":"category","embeddable":true,"href":"https:\/\/www.financialafrik.com\/en\/wp-json\/wp\/v2\/categories?post=465968"},{"taxonomy":"post_tag","embeddable":true,"href":"https:\/\/www.financialafrik.com\/en\/wp-json\/wp\/v2\/tags?post=465968"}],"curies":[{"name":"wp","href":"https:\/\/api.w.org\/{rel}","templated":true}]}}