{"id":460308,"date":"2018-06-01T12:02:57","date_gmt":"2018-06-01T12:02:57","guid":{"rendered":"https:\/\/en.financialafrik.com\/?p=460308"},"modified":"2018-06-01T12:02:57","modified_gmt":"2018-06-01T12:02:57","slug":"tunisia-officially-joins-comesa-in-july-2018","status":"publish","type":"post","link":"https:\/\/www.financialafrik.com\/en\/2018\/06\/01\/tunisia-officially-joins-comesa-in-july-2018\/","title":{"rendered":"Tunisia officially joins COMESA in July 2018"},"content":{"rendered":"<div class=\"pdfprnt-buttons pdfprnt-buttons-post pdfprnt-top-bottom-left\"><\/div><p>Tunisia officially becomes a member of the Common Market for Eastern and Southern Africa (COMESA) next July, according to an announcement made Tuesday, May 29 by its Minister of Commerce, Omar El Behi, at a meeting to present the results of a survey on the obstacles to exports for Tunisian SMEs.<br \/>\nAccording to the minister, the integration of Tunisia in this regional market will strengthen its trade with the African continent.<br \/>\nHe said, moreover, that in 2017, the volume of exports of goods amounted to 35 billion dinars and the objective is to bring this figure to 50 billion dinars by 2020.<br \/>\nIt should be noted that trade in this market, which includes 19 African countries, has exceeded 4500 billion dollars.<br \/>\nThis amount is expected to be between $ 6,000 and $ 7 trillion in the next few years, a much higher value than that forecast by the US $ 3 trillion consulting firm Mc Kenzy in 2025.<br \/>\nAs a reminder, Tunisia&#8217;s application for membership of COMESA was accepted in October 2016 at the meeting of the presidents of the governments of the member states of this market.<\/p>\n<div class=\"pdfprnt-buttons pdfprnt-buttons-post pdfprnt-top-bottom-left\"><\/div>","protected":false},"excerpt":{"rendered":"<p>Tunisia officially becomes a member of the Common Market for Eastern and Southern Africa (COMESA) next July, according to an announcement made Tuesday, May 29 by its Minister of Commerce, Omar El Behi, at a meeting to present the results of a survey on the obstacles to exports for Tunisian SMEs. According to the minister,<\/p>\n","protected":false},"author":533179,"featured_media":460313,"comment_status":"open","ping_status":"closed","sticky":false,"template":"","format":"aside","meta":{"pmpro_default_level":"","jetpack_post_was_ever_published":false,"_jetpack_newsletter_access":"","_jetpack_dont_email_post_to_subs":false,"_jetpack_newsletter_tier_id":0,"_jetpack_memberships_contains_paywalled_content":false,"translated_post_url_fr":"","_jetpack_memberships_contains_paid_content":false,"footnotes":"","jetpack_publicize_message":"","jetpack_publicize_feature_enabled":true,"jetpack_social_post_already_shared":true,"jetpack_social_options":{"image_generator_settings":{"template":"highway","default_image_id":0,"font":"","enabled":false},"version":2}},"categories":[12040,12046],"tags":[3062,12922],"class_list":{"0":"post-460308","1":"post","2":"type-post","3":"status-publish","4":"format-aside","5":"has-post-thumbnail","7":"category-international-institutions","8":"category-leaders-en","9":"tag-comesa","10":"tag-tunisia","11":"post_format-post-format-aside","12":"pmpro-has-access"},"yoast_head":"<!-- This site is optimized with the Yoast SEO Premium plugin v21.5 (Yoast SEO v27.5) - https:\/\/yoast.com\/product\/yoast-seo-premium-wordpress\/ -->\n<title>Tunisia officially joins COMESA in July 2018 - Financial Afrik<\/title>\n<meta name=\"description\" content=\"Headed by Adama Wade and his team of 20 journalists, Kapital Afrik offers strategic and financial information to executives and managers. The aim of Kapital Afrik is to provide financial and political news, give priority to human entrepreneurial experiences, lend life to economic policies, givemeaning to statistics. Our \u201cexaggerated pretensions\u201d inspire us. We will strive, and gradually, to conceive, comfort and reach them. Three versions, three approaches and a global vision. The website is constantly on the news. The newsletter relays information every morning to executives, bankers, university financiers, students. The monthly edition analyzes the information and explains the setbacks. A single credo initiates our journalistic approach: information = actors, facts = a pluralistic vision. We aspire to neutrality, but we assume our subjectivity\" \/>\n<meta name=\"robots\" content=\"index, follow, max-snippet:-1, max-image-preview:large, max-video-preview:-1\" \/>\n<link rel=\"canonical\" href=\"https:\/\/www.financialafrik.com\/en\/2018\/06\/01\/tunisia-officially-joins-comesa-in-july-2018\/\" \/>\n<meta property=\"og:locale\" content=\"en_US\" \/>\n<meta property=\"og:type\" content=\"article\" \/>\n<meta property=\"og:title\" content=\"Tunisia officially joins COMESA in July 2018\" \/>\n<meta property=\"og:description\" content=\"Headed by Adama Wade and his team of 20 journalists, Kapital Afrik offers strategic and financial information to executives and managers. The aim of Kapital Afrik is to provide financial and political news, give priority to human entrepreneurial experiences, lend life to economic policies, givemeaning to statistics. Our \u201cexaggerated pretensions\u201d inspire us. We will strive, and gradually, to conceive, comfort and reach them. Three versions, three approaches and a global vision. The website is constantly on the news. The newsletter relays information every morning to executives, bankers, university financiers, students. The monthly edition analyzes the information and explains the setbacks. A single credo initiates our journalistic approach: information = actors, facts = a pluralistic vision. We aspire to neutrality, but we assume our subjectivity\" \/>\n<meta property=\"og:url\" content=\"https:\/\/www.financialafrik.com\/en\/2018\/06\/01\/tunisia-officially-joins-comesa-in-july-2018\/\" \/>\n<meta property=\"og:site_name\" content=\"Financial Afrik\" \/>\n<meta property=\"article:publisher\" content=\"https:\/\/www.facebook.com\/FinancialAfrik\/\" \/>\n<meta property=\"article:published_time\" content=\"2018-06-01T12:02:57+00:00\" \/>\n<meta property=\"og:image\" content=\"https:\/\/www.financialafrik.com\/en\/wp-content\/uploads\/2018\/06\/omar-627x355.jpg\" \/>\n\t<meta property=\"og:image:width\" content=\"627\" \/>\n\t<meta property=\"og:image:height\" content=\"355\" \/>\n\t<meta property=\"og:image:type\" content=\"image\/jpeg\" \/>\n<meta name=\"author\" content=\"Ndeye Magatte Kebe\" \/>\n<meta name=\"twitter:card\" content=\"summary_large_image\" \/>\n<meta name=\"twitter:creator\" content=\"@Financialafrik\" \/>\n<meta name=\"twitter:site\" content=\"@Financialafrik\" \/>\n<meta name=\"twitter:label1\" content=\"Written by\" \/>\n\t<meta name=\"twitter:data1\" content=\"Ndeye Magatte Kebe\" \/>\n\t<meta name=\"twitter:label2\" content=\"Est. reading time\" \/>\n\t<meta name=\"twitter:data2\" content=\"1 minute\" \/>\n<script type=\"application\/ld+json\" class=\"yoast-schema-graph\">{\"@context\":\"https:\\\/\\\/schema.org\",\"@graph\":[{\"@type\":\"Article\",\"@id\":\"https:\\\/\\\/www.financialafrik.com\\\/en\\\/2018\\\/06\\\/01\\\/tunisia-officially-joins-comesa-in-july-2018\\\/#article\",\"isPartOf\":{\"@id\":\"https:\\\/\\\/www.financialafrik.com\\\/en\\\/2018\\\/06\\\/01\\\/tunisia-officially-joins-comesa-in-july-2018\\\/\"},\"author\":{\"name\":\"Ndeye Magatte Kebe\",\"@id\":\"https:\\\/\\\/www.financialafrik.com\\\/en\\\/#\\\/schema\\\/person\\\/55de6f6c153173c36b1543ff83ebe25e\"},\"headline\":\"Tunisia officially joins COMESA in July 2018\",\"datePublished\":\"2018-06-01T12:02:57+00:00\",\"mainEntityOfPage\":{\"@id\":\"https:\\\/\\\/www.financialafrik.com\\\/en\\\/2018\\\/06\\\/01\\\/tunisia-officially-joins-comesa-in-july-2018\\\/\"},\"wordCount\":180,\"commentCount\":0,\"publisher\":{\"@id\":\"https:\\\/\\\/www.financialafrik.com\\\/en\\\/#organization\"},\"image\":{\"@id\":\"https:\\\/\\\/www.financialafrik.com\\\/en\\\/2018\\\/06\\\/01\\\/tunisia-officially-joins-comesa-in-july-2018\\\/#primaryimage\"},\"thumbnailUrl\":\"https:\\\/\\\/www.financialafrik.com\\\/en\\\/wp-content\\\/uploads\\\/2018\\\/06\\\/omar-627x355.jpg\",\"keywords\":[\"COMESA\",\"Tunisia\"],\"articleSection\":[\"International Institutions\",\"Leaders\"],\"inLanguage\":\"en-US\",\"potentialAction\":[{\"@type\":\"CommentAction\",\"name\":\"Comment\",\"target\":[\"https:\\\/\\\/www.financialafrik.com\\\/en\\\/2018\\\/06\\\/01\\\/tunisia-officially-joins-comesa-in-july-2018\\\/#respond\"]}]},{\"@type\":\"WebPage\",\"@id\":\"https:\\\/\\\/www.financialafrik.com\\\/en\\\/2018\\\/06\\\/01\\\/tunisia-officially-joins-comesa-in-july-2018\\\/\",\"url\":\"https:\\\/\\\/www.financialafrik.com\\\/en\\\/2018\\\/06\\\/01\\\/tunisia-officially-joins-comesa-in-july-2018\\\/\",\"name\":\"Tunisia officially joins COMESA in July 2018 - Financial Afrik\",\"isPartOf\":{\"@id\":\"https:\\\/\\\/www.financialafrik.com\\\/en\\\/#website\"},\"primaryImageOfPage\":{\"@id\":\"https:\\\/\\\/www.financialafrik.com\\\/en\\\/2018\\\/06\\\/01\\\/tunisia-officially-joins-comesa-in-july-2018\\\/#primaryimage\"},\"image\":{\"@id\":\"https:\\\/\\\/www.financialafrik.com\\\/en\\\/2018\\\/06\\\/01\\\/tunisia-officially-joins-comesa-in-july-2018\\\/#primaryimage\"},\"thumbnailUrl\":\"https:\\\/\\\/www.financialafrik.com\\\/en\\\/wp-content\\\/uploads\\\/2018\\\/06\\\/omar-627x355.jpg\",\"datePublished\":\"2018-06-01T12:02:57+00:00\",\"description\":\"Headed by Adama Wade and his team of 20 journalists, Kapital Afrik offers strategic and financial information to executives and managers. The aim of Kapital Afrik is to provide financial and political news, give priority to human entrepreneurial experiences, lend life to economic policies, givemeaning to statistics. Our \u201cexaggerated pretensions\u201d inspire us. We will strive, and gradually, to conceive, comfort and reach them. Three versions, three approaches and a global vision. The website is constantly on the news. The newsletter relays information every morning to executives, bankers, university financiers, students. The monthly edition analyzes the information and explains the setbacks. A single credo initiates our journalistic approach: information = actors, facts = a pluralistic vision. We aspire to neutrality, but we assume our subjectivity\",\"inLanguage\":\"en-US\",\"potentialAction\":[{\"@type\":\"ReadAction\",\"target\":[\"https:\\\/\\\/www.financialafrik.com\\\/en\\\/2018\\\/06\\\/01\\\/tunisia-officially-joins-comesa-in-july-2018\\\/\"]}]},{\"@type\":\"ImageObject\",\"inLanguage\":\"en-US\",\"@id\":\"https:\\\/\\\/www.financialafrik.com\\\/en\\\/2018\\\/06\\\/01\\\/tunisia-officially-joins-comesa-in-july-2018\\\/#primaryimage\",\"url\":\"https:\\\/\\\/www.financialafrik.com\\\/en\\\/wp-content\\\/uploads\\\/2018\\\/06\\\/omar-627x355.jpg\",\"contentUrl\":\"https:\\\/\\\/www.financialafrik.com\\\/en\\\/wp-content\\\/uploads\\\/2018\\\/06\\\/omar-627x355.jpg\",\"width\":627,\"height\":355},{\"@type\":\"WebSite\",\"@id\":\"https:\\\/\\\/www.financialafrik.com\\\/en\\\/#website\",\"url\":\"https:\\\/\\\/www.financialafrik.com\\\/en\\\/\",\"name\":\"Kapital Afrik\",\"description\":\"All African finance\",\"publisher\":{\"@id\":\"https:\\\/\\\/www.financialafrik.com\\\/en\\\/#organization\"},\"potentialAction\":[{\"@type\":\"SearchAction\",\"target\":{\"@type\":\"EntryPoint\",\"urlTemplate\":\"https:\\\/\\\/www.financialafrik.com\\\/en\\\/?s={search_term_string}\"},\"query-input\":{\"@type\":\"PropertyValueSpecification\",\"valueRequired\":true,\"valueName\":\"search_term_string\"}}],\"inLanguage\":\"en-US\"},{\"@type\":\"Organization\",\"@id\":\"https:\\\/\\\/www.financialafrik.com\\\/en\\\/#organization\",\"name\":\"Kapital Afrik | All African finance\",\"url\":\"https:\\\/\\\/www.financialafrik.com\\\/en\\\/\",\"logo\":{\"@type\":\"ImageObject\",\"inLanguage\":\"en-US\",\"@id\":\"https:\\\/\\\/www.financialafrik.com\\\/en\\\/#\\\/schema\\\/logo\\\/image\\\/\",\"url\":\"https:\\\/\\\/www.kapitalafrik.com\\\/wp-content\\\/uploads\\\/2020\\\/06\\\/logo-430x76-kapital-afrik-.png\",\"contentUrl\":\"https:\\\/\\\/www.kapitalafrik.com\\\/wp-content\\\/uploads\\\/2020\\\/06\\\/logo-430x76-kapital-afrik-.png\",\"width\":1740,\"height\":266,\"caption\":\"Kapital Afrik | All African finance\"},\"image\":{\"@id\":\"https:\\\/\\\/www.financialafrik.com\\\/en\\\/#\\\/schema\\\/logo\\\/image\\\/\"},\"sameAs\":[\"https:\\\/\\\/www.facebook.com\\\/FinancialAfrik\\\/\",\"https:\\\/\\\/x.com\\\/Financialafrik\",\"https:\\\/\\\/www.instagram.com\\\/financialafrikbusiness\\\/\",\"https:\\\/\\\/www.linkedin.com\\\/in\\\/financial-afrik\\\/\",\"https:\\\/\\\/www.youtube.com\\\/channel\\\/UCSeoXcgLHLSVaKqMP7cQaJQ\\\/\"]},{\"@type\":\"Person\",\"@id\":\"https:\\\/\\\/www.financialafrik.com\\\/en\\\/#\\\/schema\\\/person\\\/55de6f6c153173c36b1543ff83ebe25e\",\"name\":\"Ndeye Magatte Kebe\",\"image\":{\"@type\":\"ImageObject\",\"inLanguage\":\"en-US\",\"@id\":\"https:\\\/\\\/secure.gravatar.com\\\/avatar\\\/e4f8f023b0413da43fd25774d6218c7a0d1b92f2de1779ff4739b84d888ff1c9?s=96&d=blank&r=g\",\"url\":\"https:\\\/\\\/secure.gravatar.com\\\/avatar\\\/e4f8f023b0413da43fd25774d6218c7a0d1b92f2de1779ff4739b84d888ff1c9?s=96&d=blank&r=g\",\"contentUrl\":\"https:\\\/\\\/secure.gravatar.com\\\/avatar\\\/e4f8f023b0413da43fd25774d6218c7a0d1b92f2de1779ff4739b84d888ff1c9?s=96&d=blank&r=g\",\"caption\":\"Ndeye Magatte Kebe\"},\"description\":\"Journaliste reporter \u00e0 Financial Afrik, dipl\u00f4m\u00e9e en Journalisme et communication \u00e0 l\u2019Institut Sup\u00e9rieur Entreprenariat ship et de Gestion (ISEG) de Dakar. Bloggeuse, panafricaniste, elle est membre de l\u2019Union Internationale de la Presse Francophone (UPF). Maguette est une journaliste passionn\u00e9e d\u2019\u00e9conomie et d\u2019actions humanitaires et int\u00e9ress\u00e9e par les questions li\u00e9es au Genre surtout celles des femmes rurales.\",\"sameAs\":[\"http:\\\/\\\/financialafrik.com\"],\"url\":\"https:\\\/\\\/www.financialafrik.com\\\/en\\\/author\\\/ndeye-magatte\\\/\"}]}<\/script>\n<!-- \/ Yoast SEO Premium plugin. -->","yoast_head_json":{"title":"Tunisia officially joins COMESA in July 2018 - Financial Afrik","description":"Headed by Adama Wade and his team of 20 journalists, Kapital Afrik offers strategic and financial information to executives and managers. The aim of Kapital Afrik is to provide financial and political news, give priority to human entrepreneurial experiences, lend life to economic policies, givemeaning to statistics. Our \u201cexaggerated pretensions\u201d inspire us. We will strive, and gradually, to conceive, comfort and reach them. Three versions, three approaches and a global vision. The website is constantly on the news. The newsletter relays information every morning to executives, bankers, university financiers, students. The monthly edition analyzes the information and explains the setbacks. A single credo initiates our journalistic approach: information = actors, facts = a pluralistic vision. We aspire to neutrality, but we assume our subjectivity","robots":{"index":"index","follow":"follow","max-snippet":"max-snippet:-1","max-image-preview":"max-image-preview:large","max-video-preview":"max-video-preview:-1"},"canonical":"https:\/\/www.financialafrik.com\/en\/2018\/06\/01\/tunisia-officially-joins-comesa-in-july-2018\/","og_locale":"en_US","og_type":"article","og_title":"Tunisia officially joins COMESA in July 2018","og_description":"Headed by Adama Wade and his team of 20 journalists, Kapital Afrik offers strategic and financial information to executives and managers. The aim of Kapital Afrik is to provide financial and political news, give priority to human entrepreneurial experiences, lend life to economic policies, givemeaning to statistics. Our \u201cexaggerated pretensions\u201d inspire us. We will strive, and gradually, to conceive, comfort and reach them. Three versions, three approaches and a global vision. The website is constantly on the news. The newsletter relays information every morning to executives, bankers, university financiers, students. The monthly edition analyzes the information and explains the setbacks. A single credo initiates our journalistic approach: information = actors, facts = a pluralistic vision. We aspire to neutrality, but we assume our subjectivity","og_url":"https:\/\/www.financialafrik.com\/en\/2018\/06\/01\/tunisia-officially-joins-comesa-in-july-2018\/","og_site_name":"Financial Afrik","article_publisher":"https:\/\/www.facebook.com\/FinancialAfrik\/","article_published_time":"2018-06-01T12:02:57+00:00","og_image":[{"width":627,"height":355,"url":"https:\/\/www.financialafrik.com\/en\/wp-content\/uploads\/2018\/06\/omar-627x355.jpg","type":"image\/jpeg"}],"author":"Ndeye Magatte Kebe","twitter_card":"summary_large_image","twitter_creator":"@Financialafrik","twitter_site":"@Financialafrik","twitter_misc":{"Written by":"Ndeye Magatte Kebe","Est. reading time":"1 minute"},"schema":{"@context":"https:\/\/schema.org","@graph":[{"@type":"Article","@id":"https:\/\/www.financialafrik.com\/en\/2018\/06\/01\/tunisia-officially-joins-comesa-in-july-2018\/#article","isPartOf":{"@id":"https:\/\/www.financialafrik.com\/en\/2018\/06\/01\/tunisia-officially-joins-comesa-in-july-2018\/"},"author":{"name":"Ndeye Magatte Kebe","@id":"https:\/\/www.financialafrik.com\/en\/#\/schema\/person\/55de6f6c153173c36b1543ff83ebe25e"},"headline":"Tunisia officially joins COMESA in July 2018","datePublished":"2018-06-01T12:02:57+00:00","mainEntityOfPage":{"@id":"https:\/\/www.financialafrik.com\/en\/2018\/06\/01\/tunisia-officially-joins-comesa-in-july-2018\/"},"wordCount":180,"commentCount":0,"publisher":{"@id":"https:\/\/www.financialafrik.com\/en\/#organization"},"image":{"@id":"https:\/\/www.financialafrik.com\/en\/2018\/06\/01\/tunisia-officially-joins-comesa-in-july-2018\/#primaryimage"},"thumbnailUrl":"https:\/\/www.financialafrik.com\/en\/wp-content\/uploads\/2018\/06\/omar-627x355.jpg","keywords":["COMESA","Tunisia"],"articleSection":["International Institutions","Leaders"],"inLanguage":"en-US","potentialAction":[{"@type":"CommentAction","name":"Comment","target":["https:\/\/www.financialafrik.com\/en\/2018\/06\/01\/tunisia-officially-joins-comesa-in-july-2018\/#respond"]}]},{"@type":"WebPage","@id":"https:\/\/www.financialafrik.com\/en\/2018\/06\/01\/tunisia-officially-joins-comesa-in-july-2018\/","url":"https:\/\/www.financialafrik.com\/en\/2018\/06\/01\/tunisia-officially-joins-comesa-in-july-2018\/","name":"Tunisia officially joins COMESA in July 2018 - Financial Afrik","isPartOf":{"@id":"https:\/\/www.financialafrik.com\/en\/#website"},"primaryImageOfPage":{"@id":"https:\/\/www.financialafrik.com\/en\/2018\/06\/01\/tunisia-officially-joins-comesa-in-july-2018\/#primaryimage"},"image":{"@id":"https:\/\/www.financialafrik.com\/en\/2018\/06\/01\/tunisia-officially-joins-comesa-in-july-2018\/#primaryimage"},"thumbnailUrl":"https:\/\/www.financialafrik.com\/en\/wp-content\/uploads\/2018\/06\/omar-627x355.jpg","datePublished":"2018-06-01T12:02:57+00:00","description":"Headed by Adama Wade and his team of 20 journalists, Kapital Afrik offers strategic and financial information to executives and managers. The aim of Kapital Afrik is to provide financial and political news, give priority to human entrepreneurial experiences, lend life to economic policies, givemeaning to statistics. Our \u201cexaggerated pretensions\u201d inspire us. We will strive, and gradually, to conceive, comfort and reach them. Three versions, three approaches and a global vision. The website is constantly on the news. The newsletter relays information every morning to executives, bankers, university financiers, students. The monthly edition analyzes the information and explains the setbacks. A single credo initiates our journalistic approach: information = actors, facts = a pluralistic vision. We aspire to neutrality, but we assume our subjectivity","inLanguage":"en-US","potentialAction":[{"@type":"ReadAction","target":["https:\/\/www.financialafrik.com\/en\/2018\/06\/01\/tunisia-officially-joins-comesa-in-july-2018\/"]}]},{"@type":"ImageObject","inLanguage":"en-US","@id":"https:\/\/www.financialafrik.com\/en\/2018\/06\/01\/tunisia-officially-joins-comesa-in-july-2018\/#primaryimage","url":"https:\/\/www.financialafrik.com\/en\/wp-content\/uploads\/2018\/06\/omar-627x355.jpg","contentUrl":"https:\/\/www.financialafrik.com\/en\/wp-content\/uploads\/2018\/06\/omar-627x355.jpg","width":627,"height":355},{"@type":"WebSite","@id":"https:\/\/www.financialafrik.com\/en\/#website","url":"https:\/\/www.financialafrik.com\/en\/","name":"Kapital Afrik","description":"All African finance","publisher":{"@id":"https:\/\/www.financialafrik.com\/en\/#organization"},"potentialAction":[{"@type":"SearchAction","target":{"@type":"EntryPoint","urlTemplate":"https:\/\/www.financialafrik.com\/en\/?s={search_term_string}"},"query-input":{"@type":"PropertyValueSpecification","valueRequired":true,"valueName":"search_term_string"}}],"inLanguage":"en-US"},{"@type":"Organization","@id":"https:\/\/www.financialafrik.com\/en\/#organization","name":"Kapital Afrik | All African finance","url":"https:\/\/www.financialafrik.com\/en\/","logo":{"@type":"ImageObject","inLanguage":"en-US","@id":"https:\/\/www.financialafrik.com\/en\/#\/schema\/logo\/image\/","url":"https:\/\/www.kapitalafrik.com\/wp-content\/uploads\/2020\/06\/logo-430x76-kapital-afrik-.png","contentUrl":"https:\/\/www.kapitalafrik.com\/wp-content\/uploads\/2020\/06\/logo-430x76-kapital-afrik-.png","width":1740,"height":266,"caption":"Kapital Afrik | All African finance"},"image":{"@id":"https:\/\/www.financialafrik.com\/en\/#\/schema\/logo\/image\/"},"sameAs":["https:\/\/www.facebook.com\/FinancialAfrik\/","https:\/\/x.com\/Financialafrik","https:\/\/www.instagram.com\/financialafrikbusiness\/","https:\/\/www.linkedin.com\/in\/financial-afrik\/","https:\/\/www.youtube.com\/channel\/UCSeoXcgLHLSVaKqMP7cQaJQ\/"]},{"@type":"Person","@id":"https:\/\/www.financialafrik.com\/en\/#\/schema\/person\/55de6f6c153173c36b1543ff83ebe25e","name":"Ndeye Magatte Kebe","image":{"@type":"ImageObject","inLanguage":"en-US","@id":"https:\/\/secure.gravatar.com\/avatar\/e4f8f023b0413da43fd25774d6218c7a0d1b92f2de1779ff4739b84d888ff1c9?s=96&d=blank&r=g","url":"https:\/\/secure.gravatar.com\/avatar\/e4f8f023b0413da43fd25774d6218c7a0d1b92f2de1779ff4739b84d888ff1c9?s=96&d=blank&r=g","contentUrl":"https:\/\/secure.gravatar.com\/avatar\/e4f8f023b0413da43fd25774d6218c7a0d1b92f2de1779ff4739b84d888ff1c9?s=96&d=blank&r=g","caption":"Ndeye Magatte Kebe"},"description":"Journaliste reporter \u00e0 Financial Afrik, dipl\u00f4m\u00e9e en Journalisme et communication \u00e0 l\u2019Institut Sup\u00e9rieur Entreprenariat ship et de Gestion (ISEG) de Dakar. Bloggeuse, panafricaniste, elle est membre de l\u2019Union Internationale de la Presse Francophone (UPF). Maguette est une journaliste passionn\u00e9e d\u2019\u00e9conomie et d\u2019actions humanitaires et int\u00e9ress\u00e9e par les questions li\u00e9es au Genre surtout celles des femmes rurales.","sameAs":["http:\/\/financialafrik.com"],"url":"https:\/\/www.financialafrik.com\/en\/author\/ndeye-magatte\/"}]}},"jetpack_publicize_connections":[],"jetpack_featured_media_url":"https:\/\/www.financialafrik.com\/en\/wp-content\/uploads\/2018\/06\/omar-627x355.jpg","jetpack_sharing_enabled":true,"_links":{"self":[{"href":"https:\/\/www.financialafrik.com\/en\/wp-json\/wp\/v2\/posts\/460308","targetHints":{"allow":["GET"]}}],"collection":[{"href":"https:\/\/www.financialafrik.com\/en\/wp-json\/wp\/v2\/posts"}],"about":[{"href":"https:\/\/www.financialafrik.com\/en\/wp-json\/wp\/v2\/types\/post"}],"author":[{"embeddable":true,"href":"https:\/\/www.financialafrik.com\/en\/wp-json\/wp\/v2\/users\/533179"}],"replies":[{"embeddable":true,"href":"https:\/\/www.financialafrik.com\/en\/wp-json\/wp\/v2\/comments?post=460308"}],"version-history":[{"count":0,"href":"https:\/\/www.financialafrik.com\/en\/wp-json\/wp\/v2\/posts\/460308\/revisions"}],"wp:featuredmedia":[{"embeddable":true,"href":"https:\/\/www.financialafrik.com\/en\/wp-json\/wp\/v2\/media\/460313"}],"wp:attachment":[{"href":"https:\/\/www.financialafrik.com\/en\/wp-json\/wp\/v2\/media?parent=460308"}],"wp:term":[{"taxonomy":"category","embeddable":true,"href":"https:\/\/www.financialafrik.com\/en\/wp-json\/wp\/v2\/categories?post=460308"},{"taxonomy":"post_tag","embeddable":true,"href":"https:\/\/www.financialafrik.com\/en\/wp-json\/wp\/v2\/tags?post=460308"}],"curies":[{"name":"wp","href":"https:\/\/api.w.org\/{rel}","templated":true}]}}